{"id":554,"date":"2022-07-05T08:32:18","date_gmt":"2022-07-05T08:32:18","guid":{"rendered":"https:\/\/f-group.hu\/?p=554"},"modified":"2022-07-18T13:30:24","modified_gmt":"2022-07-18T13:30:24","slug":"hidi-patrik-palyafutasa-meghatarozo-klubjat-hagyja-el","status":"publish","type":"post","link":"https:\/\/f-group.hu\/hu\/2022\/07\/05\/hidi-patrik-palyafutasa-meghatarozo-klubjat-hagyja-el\/","title":{"rendered":"Hidi Patrik\u00a0p\u00e1lyafut\u00e1sa meghat\u00e1roz\u00f3 klubj\u00e1t hagyja el"},"content":{"rendered":"<p>2009-es bemutatkoz\u00e1s\u00e1t\u00f3l sz\u00e1m\u00edtva mostan\u00e1ig \u00f6sszesen 322 t\u00e9tm\u00e9rk\u0151z\u00e9sen szerepelt a Budapest Honv\u00e9dban. A kispestiekt\u0151l harmadj\u00e1ra t\u00e1vozik: a 2017\u20132018-as id\u00e9nyben a spanyol m\u00e1sodoszt\u00e1ly\u00fa Real Ovied\u00f3ban, 2019 \u00e9s 2020 tele k\u00f6z\u00f6tt a kazah Jertisz Pavlodarban szerepelt \u2013 most pedig a Vasas j\u00e1t\u00e9kosa lett.<\/p>\n\n\n\n<h2 class=\"wp-block-heading\"><strong>A&nbsp;<\/strong>Marco Rossi<strong>&nbsp;vezette Honv\u00e9d 2016\u20132017-es bajnokcsapat\u00e1nak kapit\u00e1nya 2025. j\u00fanius 30-ig \u00edrt al\u00e1 Angyalf\u00f6ld\u00f6n.<\/strong><\/h2>\n\n\n\n<p><em>2007-ben ker\u00fcltem a Honv\u00e9dhoz, ezen k\u00edv\u00fcl k\u00e9t \u00e9vet voltam k\u00fclf\u00f6ld\u00f6n, ez\u00e9rt \u00fagy \u00e9reztem, hogy k\u00f6rnyezetv\u00e1ltoz\u00e1sra van sz\u00fcks\u00e9gem, f\u0151leg ennyi id\u0151 ut\u00e1n. Szeretn\u00e9m megk\u00f6sz\u00f6nni a Honv\u00e9dnak az \u00e9lm\u00e9nyeket \u00e9s azt, hogy partnerek voltak a klubv\u00e1lt\u00e1sban. Most \u00faj csapatba \u00e9s \u00faj k\u00f6rnyezetbe ker\u00fcl\u00f6k, mellyel egy hossz\u00fa korszak lez\u00e1rult m\u00f6g\u00f6ttem. Szeretn\u00e9k a Vasassal min\u00e9l nagyobb sikereket el\u00e9rni, legal\u00e1bb akkor\u00e1kat, mint a Honv\u00e9ddal, ak\u00e1r egyb\u0151l egy kupagy\u0151zelemmel. Minden edz\u00e9sen \u00e9s m\u00e9rk\u0151z\u00e9sen szeretn\u00e9k hozz\u00e1tenni a csapat teljes\u00edtm\u00e9ny\u00e9hez, hiszen nagyon er\u0151s a mostani 12 csapatos bajnoks\u00e1g. M\u00e1r az elej\u00e9n pontokat kell gy\u0171jteni \u00e9s akkor v\u00e9g\u00e9n nem lesz probl\u00e9m\u00e1nk\u201d&nbsp;<\/em>\u2013 mondta el a Vasas honlapj\u00e1n a k\u00f6z\u00e9pp\u00e1ly\u00e1s, aki kor\u00e1bban k\u00e9tszer szerepelt az U21-es v\u00e1logatottban, a feln\u0151ttek k\u00f6z\u00f6tt pedig Georges Leekens kapit\u00e1nys\u00e1ga idej\u00e9n a kerettags\u00e1gig jutott.<\/p>","protected":false},"excerpt":{"rendered":"<p>2009-es bemutatkoz\u00e1s\u00e1t\u00f3l sz\u00e1m\u00edtva mostan\u00e1ig \u00f6sszesen 322 t\u00e9tm\u00e9rk\u0151z\u00e9sen szerepelt a Budapest Honv\u00e9dban. A kispestiekt\u0151l harmadj\u00e1ra t\u00e1vozik: a 2017\u20132018-as id\u00e9nyben a spanyol m\u00e1sodoszt\u00e1ly\u00fa Real Ovied\u00f3ban, 2019 \u00e9s 2020 tele k\u00f6z\u00f6tt a kazah Jertisz Pavlodarban szerepelt \u2013 most pedig a Vasas j\u00e1t\u00e9kosa lett. A&nbsp;Marco Rossi&nbsp;vezette Honv\u00e9d 2016\u20132017-es bajnokcsapat\u00e1nak kapit\u00e1nya 2025. j\u00fanius 30-ig \u00edrt al\u00e1 Angyalf\u00f6ld\u00f6n. 2007-ben ker\u00fcltem a [&hellip;]<\/p>","protected":false},"author":4,"featured_media":686,"comment_status":"open","ping_status":"open","sticky":false,"template":"","format":"standard","meta":{"_et_pb_use_builder":"off","_et_pb_old_content":"","_et_gb_content_width":"","footnotes":""},"categories":[1],"tags":[],"yoast_head":"<!-- This site is optimized with the Yoast SEO plugin v23.1 - https:\/\/yoast.com\/wordpress\/plugins\/seo\/ -->\n<title>Hidi Patrik\u00a0p\u00e1lyafut\u00e1sa meghat\u00e1roz\u00f3 klubj\u00e1t hagyja el - F-group<\/title>\n<meta name=\"robots\" content=\"index, follow, max-snippet:-1, max-image-preview:large, max-video-preview:-1\" \/>\n<link rel=\"canonical\" href=\"https:\/\/f-group.hu\/hu\/2022\/07\/05\/hidi-patrik-palyafutasa-meghatarozo-klubjat-hagyja-el\/\" \/>\n<meta property=\"og:locale\" content=\"hu_HU\" \/>\n<meta property=\"og:type\" content=\"article\" \/>\n<meta property=\"og:title\" content=\"Hidi Patrik\u00a0p\u00e1lyafut\u00e1sa meghat\u00e1roz\u00f3 klubj\u00e1t hagyja el - F-group\" \/>\n<meta property=\"og:description\" content=\"2009-es bemutatkoz\u00e1s\u00e1t\u00f3l sz\u00e1m\u00edtva mostan\u00e1ig \u00f6sszesen 322 t\u00e9tm\u00e9rk\u0151z\u00e9sen szerepelt a Budapest Honv\u00e9dban. A kispestiekt\u0151l harmadj\u00e1ra t\u00e1vozik: a 2017\u20132018-as id\u00e9nyben a spanyol m\u00e1sodoszt\u00e1ly\u00fa Real Ovied\u00f3ban, 2019 \u00e9s 2020 tele k\u00f6z\u00f6tt a kazah Jertisz Pavlodarban szerepelt \u2013 most pedig a Vasas j\u00e1t\u00e9kosa lett. A&nbsp;Marco Rossi&nbsp;vezette Honv\u00e9d 2016\u20132017-es bajnokcsapat\u00e1nak kapit\u00e1nya 2025. j\u00fanius 30-ig \u00edrt al\u00e1 Angyalf\u00f6ld\u00f6n. 2007-ben ker\u00fcltem a [&hellip;]\" \/>\n<meta property=\"og:url\" content=\"https:\/\/f-group.hu\/hu\/2022\/07\/05\/hidi-patrik-palyafutasa-meghatarozo-klubjat-hagyja-el\/\" \/>\n<meta property=\"og:site_name\" content=\"F-group\" \/>\n<meta property=\"article:published_time\" content=\"2022-07-05T08:32:18+00:00\" \/>\n<meta property=\"article:modified_time\" content=\"2022-07-18T13:30:24+00:00\" \/>\n<meta property=\"og:image\" content=\"https:\/\/f-group.hu\/wp-content\/uploads\/2022\/07\/Hidi-Vasas-1.jpg\" \/>\n\t<meta property=\"og:image:width\" content=\"800\" \/>\n\t<meta property=\"og:image:height\" content=\"700\" \/>\n\t<meta property=\"og:image:type\" content=\"image\/jpeg\" \/>\n<meta name=\"author\" content=\"garanddesign\" \/>\n<meta name=\"twitter:card\" content=\"summary_large_image\" \/>\n<meta name=\"twitter:label1\" content=\"Szerz\u0151:\" \/>\n\t<meta name=\"twitter:data1\" content=\"garanddesign\" \/>\n\t<meta name=\"twitter:label2\" content=\"Becs\u00fclt olvas\u00e1si id\u0151\" \/>\n\t<meta name=\"twitter:data2\" content=\"1 perc\" \/>\n<script type=\"application\/ld+json\" class=\"yoast-schema-graph\">{\"@context\":\"https:\/\/schema.org\",\"@graph\":[{\"@type\":\"WebPage\",\"@id\":\"https:\/\/f-group.hu\/hu\/2022\/07\/05\/hidi-patrik-palyafutasa-meghatarozo-klubjat-hagyja-el\/\",\"url\":\"https:\/\/f-group.hu\/hu\/2022\/07\/05\/hidi-patrik-palyafutasa-meghatarozo-klubjat-hagyja-el\/\",\"name\":\"Hidi Patrik\u00a0p\u00e1lyafut\u00e1sa meghat\u00e1roz\u00f3 klubj\u00e1t hagyja el - F-group\",\"isPartOf\":{\"@id\":\"https:\/\/www.f-group.hu\/#website\"},\"primaryImageOfPage\":{\"@id\":\"https:\/\/f-group.hu\/hu\/2022\/07\/05\/hidi-patrik-palyafutasa-meghatarozo-klubjat-hagyja-el\/#primaryimage\"},\"image\":{\"@id\":\"https:\/\/f-group.hu\/hu\/2022\/07\/05\/hidi-patrik-palyafutasa-meghatarozo-klubjat-hagyja-el\/#primaryimage\"},\"thumbnailUrl\":\"https:\/\/f-group.hu\/wp-content\/uploads\/2022\/07\/Hidi-Vasas-1.jpg\",\"datePublished\":\"2022-07-05T08:32:18+00:00\",\"dateModified\":\"2022-07-18T13:30:24+00:00\",\"author\":{\"@id\":\"https:\/\/www.f-group.hu\/#\/schema\/person\/d9e3f0aad33bb45b1f4a26abaddeb3c6\"},\"breadcrumb\":{\"@id\":\"https:\/\/f-group.hu\/hu\/2022\/07\/05\/hidi-patrik-palyafutasa-meghatarozo-klubjat-hagyja-el\/#breadcrumb\"},\"inLanguage\":\"hu\",\"potentialAction\":[{\"@type\":\"ReadAction\",\"target\":[\"https:\/\/f-group.hu\/hu\/2022\/07\/05\/hidi-patrik-palyafutasa-meghatarozo-klubjat-hagyja-el\/\"]}]},{\"@type\":\"ImageObject\",\"inLanguage\":\"hu\",\"@id\":\"https:\/\/f-group.hu\/hu\/2022\/07\/05\/hidi-patrik-palyafutasa-meghatarozo-klubjat-hagyja-el\/#primaryimage\",\"url\":\"https:\/\/f-group.hu\/wp-content\/uploads\/2022\/07\/Hidi-Vasas-1.jpg\",\"contentUrl\":\"https:\/\/f-group.hu\/wp-content\/uploads\/2022\/07\/Hidi-Vasas-1.jpg\",\"width\":800,\"height\":700,\"caption\":\"Hidi-Vasas\"},{\"@type\":\"BreadcrumbList\",\"@id\":\"https:\/\/f-group.hu\/hu\/2022\/07\/05\/hidi-patrik-palyafutasa-meghatarozo-klubjat-hagyja-el\/#breadcrumb\",\"itemListElement\":[{\"@type\":\"ListItem\",\"position\":1,\"name\":\"Home\",\"item\":\"https:\/\/f-group.hu\/\"},{\"@type\":\"ListItem\",\"position\":2,\"name\":\"Hidi Patrik\u00a0p\u00e1lyafut\u00e1sa meghat\u00e1roz\u00f3 klubj\u00e1t hagyja el\"}]},{\"@type\":\"WebSite\",\"@id\":\"https:\/\/www.f-group.hu\/#website\",\"url\":\"https:\/\/www.f-group.hu\/\",\"name\":\"F-group\",\"description\":\"Professzion\u00e1lis j\u00e1t\u00e9kosmenedzsment\",\"potentialAction\":[{\"@type\":\"SearchAction\",\"target\":{\"@type\":\"EntryPoint\",\"urlTemplate\":\"https:\/\/www.f-group.hu\/?s={search_term_string}\"},\"query-input\":\"required name=search_term_string\"}],\"inLanguage\":\"hu\"},{\"@type\":\"Person\",\"@id\":\"https:\/\/www.f-group.hu\/#\/schema\/person\/d9e3f0aad33bb45b1f4a26abaddeb3c6\",\"name\":\"garanddesign\",\"image\":{\"@type\":\"ImageObject\",\"inLanguage\":\"hu\",\"@id\":\"https:\/\/www.f-group.hu\/#\/schema\/person\/image\/\",\"url\":\"https:\/\/secure.gravatar.com\/avatar\/ffbf9dcf27b7adbe0a7e413d1c0aff22?s=96&d=mm&r=g\",\"contentUrl\":\"https:\/\/secure.gravatar.com\/avatar\/ffbf9dcf27b7adbe0a7e413d1c0aff22?s=96&d=mm&r=g\",\"caption\":\"garanddesign\"},\"url\":\"https:\/\/f-group.hu\/hu\/author\/garanddesign\/\"}]}<\/script>\n<!-- \/ Yoast SEO plugin. -->","yoast_head_json":{"title":"Hidi Patrik\u00a0p\u00e1lyafut\u00e1sa meghat\u00e1roz\u00f3 klubj\u00e1t hagyja el - F-group","robots":{"index":"index","follow":"follow","max-snippet":"max-snippet:-1","max-image-preview":"max-image-preview:large","max-video-preview":"max-video-preview:-1"},"canonical":"https:\/\/f-group.hu\/hu\/2022\/07\/05\/hidi-patrik-palyafutasa-meghatarozo-klubjat-hagyja-el\/","og_locale":"hu_HU","og_type":"article","og_title":"Hidi Patrik\u00a0p\u00e1lyafut\u00e1sa meghat\u00e1roz\u00f3 klubj\u00e1t hagyja el - F-group","og_description":"2009-es bemutatkoz\u00e1s\u00e1t\u00f3l sz\u00e1m\u00edtva mostan\u00e1ig \u00f6sszesen 322 t\u00e9tm\u00e9rk\u0151z\u00e9sen szerepelt a Budapest Honv\u00e9dban. A kispestiekt\u0151l harmadj\u00e1ra t\u00e1vozik: a 2017\u20132018-as id\u00e9nyben a spanyol m\u00e1sodoszt\u00e1ly\u00fa Real Ovied\u00f3ban, 2019 \u00e9s 2020 tele k\u00f6z\u00f6tt a kazah Jertisz Pavlodarban szerepelt \u2013 most pedig a Vasas j\u00e1t\u00e9kosa lett. A&nbsp;Marco Rossi&nbsp;vezette Honv\u00e9d 2016\u20132017-es bajnokcsapat\u00e1nak kapit\u00e1nya 2025. j\u00fanius 30-ig \u00edrt al\u00e1 Angyalf\u00f6ld\u00f6n. 2007-ben ker\u00fcltem a [&hellip;]","og_url":"https:\/\/f-group.hu\/hu\/2022\/07\/05\/hidi-patrik-palyafutasa-meghatarozo-klubjat-hagyja-el\/","og_site_name":"F-group","article_published_time":"2022-07-05T08:32:18+00:00","article_modified_time":"2022-07-18T13:30:24+00:00","og_image":[{"width":800,"height":700,"url":"https:\/\/f-group.hu\/wp-content\/uploads\/2022\/07\/Hidi-Vasas-1.jpg","type":"image\/jpeg"}],"author":"garanddesign","twitter_card":"summary_large_image","twitter_misc":{"Szerz\u0151:":"garanddesign","Becs\u00fclt olvas\u00e1si id\u0151":"1 perc"},"schema":{"@context":"https:\/\/schema.org","@graph":[{"@type":"WebPage","@id":"https:\/\/f-group.hu\/hu\/2022\/07\/05\/hidi-patrik-palyafutasa-meghatarozo-klubjat-hagyja-el\/","url":"https:\/\/f-group.hu\/hu\/2022\/07\/05\/hidi-patrik-palyafutasa-meghatarozo-klubjat-hagyja-el\/","name":"Hidi Patrik\u00a0p\u00e1lyafut\u00e1sa meghat\u00e1roz\u00f3 klubj\u00e1t hagyja el - F-group","isPartOf":{"@id":"https:\/\/www.f-group.hu\/#website"},"primaryImageOfPage":{"@id":"https:\/\/f-group.hu\/hu\/2022\/07\/05\/hidi-patrik-palyafutasa-meghatarozo-klubjat-hagyja-el\/#primaryimage"},"image":{"@id":"https:\/\/f-group.hu\/hu\/2022\/07\/05\/hidi-patrik-palyafutasa-meghatarozo-klubjat-hagyja-el\/#primaryimage"},"thumbnailUrl":"https:\/\/f-group.hu\/wp-content\/uploads\/2022\/07\/Hidi-Vasas-1.jpg","datePublished":"2022-07-05T08:32:18+00:00","dateModified":"2022-07-18T13:30:24+00:00","author":{"@id":"https:\/\/www.f-group.hu\/#\/schema\/person\/d9e3f0aad33bb45b1f4a26abaddeb3c6"},"breadcrumb":{"@id":"https:\/\/f-group.hu\/hu\/2022\/07\/05\/hidi-patrik-palyafutasa-meghatarozo-klubjat-hagyja-el\/#breadcrumb"},"inLanguage":"hu","potentialAction":[{"@type":"ReadAction","target":["https:\/\/f-group.hu\/hu\/2022\/07\/05\/hidi-patrik-palyafutasa-meghatarozo-klubjat-hagyja-el\/"]}]},{"@type":"ImageObject","inLanguage":"hu","@id":"https:\/\/f-group.hu\/hu\/2022\/07\/05\/hidi-patrik-palyafutasa-meghatarozo-klubjat-hagyja-el\/#primaryimage","url":"https:\/\/f-group.hu\/wp-content\/uploads\/2022\/07\/Hidi-Vasas-1.jpg","contentUrl":"https:\/\/f-group.hu\/wp-content\/uploads\/2022\/07\/Hidi-Vasas-1.jpg","width":800,"height":700,"caption":"Hidi-Vasas"},{"@type":"BreadcrumbList","@id":"https:\/\/f-group.hu\/hu\/2022\/07\/05\/hidi-patrik-palyafutasa-meghatarozo-klubjat-hagyja-el\/#breadcrumb","itemListElement":[{"@type":"ListItem","position":1,"name":"Home","item":"https:\/\/f-group.hu\/"},{"@type":"ListItem","position":2,"name":"Hidi Patrik\u00a0p\u00e1lyafut\u00e1sa meghat\u00e1roz\u00f3 klubj\u00e1t hagyja el"}]},{"@type":"WebSite","@id":"https:\/\/www.f-group.hu\/#website","url":"https:\/\/www.f-group.hu\/","name":"F-group","description":"Professzion\u00e1lis j\u00e1t\u00e9kosmenedzsment","potentialAction":[{"@type":"SearchAction","target":{"@type":"EntryPoint","urlTemplate":"https:\/\/www.f-group.hu\/?s={search_term_string}"},"query-input":"required name=search_term_string"}],"inLanguage":"hu"},{"@type":"Person","@id":"https:\/\/www.f-group.hu\/#\/schema\/person\/d9e3f0aad33bb45b1f4a26abaddeb3c6","name":"garanddesign","image":{"@type":"ImageObject","inLanguage":"hu","@id":"https:\/\/www.f-group.hu\/#\/schema\/person\/image\/","url":"https:\/\/secure.gravatar.com\/avatar\/ffbf9dcf27b7adbe0a7e413d1c0aff22?s=96&d=mm&r=g","contentUrl":"https:\/\/secure.gravatar.com\/avatar\/ffbf9dcf27b7adbe0a7e413d1c0aff22?s=96&d=mm&r=g","caption":"garanddesign"},"url":"https:\/\/f-group.hu\/hu\/author\/garanddesign\/"}]}},"jetpack_featured_media_url":"https:\/\/f-group.hu\/wp-content\/uploads\/2022\/07\/Hidi-Vasas-1.jpg","_links":{"self":[{"href":"https:\/\/f-group.hu\/hu\/wp-json\/wp\/v2\/posts\/554"}],"collection":[{"href":"https:\/\/f-group.hu\/hu\/wp-json\/wp\/v2\/posts"}],"about":[{"href":"https:\/\/f-group.hu\/hu\/wp-json\/wp\/v2\/types\/post"}],"author":[{"embeddable":true,"href":"https:\/\/f-group.hu\/hu\/wp-json\/wp\/v2\/users\/4"}],"replies":[{"embeddable":true,"href":"https:\/\/f-group.hu\/hu\/wp-json\/wp\/v2\/comments?post=554"}],"version-history":[{"count":2,"href":"https:\/\/f-group.hu\/hu\/wp-json\/wp\/v2\/posts\/554\/revisions"}],"predecessor-version":[{"id":603,"href":"https:\/\/f-group.hu\/hu\/wp-json\/wp\/v2\/posts\/554\/revisions\/603"}],"wp:featuredmedia":[{"embeddable":true,"href":"https:\/\/f-group.hu\/hu\/wp-json\/wp\/v2\/media\/686"}],"wp:attachment":[{"href":"https:\/\/f-group.hu\/hu\/wp-json\/wp\/v2\/media?parent=554"}],"wp:term":[{"taxonomy":"category","embeddable":true,"href":"https:\/\/f-group.hu\/hu\/wp-json\/wp\/v2\/categories?post=554"},{"taxonomy":"post_tag","embeddable":true,"href":"https:\/\/f-group.hu\/hu\/wp-json\/wp\/v2\/tags?post=554"}],"curies":[{"name":"wp","href":"https:\/\/api.w.org\/{rel}","templated":true}]}}