{"id":684,"date":"2022-06-30T09:45:29","date_gmt":"2022-06-30T09:45:29","guid":{"rendered":"https:\/\/f-group.hu\/?p=684"},"modified":"2022-07-18T13:30:16","modified_gmt":"2022-07-18T13:30:16","slug":"nikola-mitrovics-ujpesti-szerzodesenek-lejartaval-a-budapest-honvedhoz-igazolt","status":"publish","type":"post","link":"https:\/\/f-group.hu\/hu\/2022\/06\/30\/nikola-mitrovics-ujpesti-szerzodesenek-lejartaval-a-budapest-honvedhoz-igazolt\/","title":{"rendered":"Nikola Mitrovics \u00fajpesti szerz\u0151d\u00e9s\u00e9nek lej\u00e1rt\u00e1val a Budapest Honv\u00e9dhoz igazolt\u00a0"},"content":{"rendered":"<p><strong>Nikola Mitrovics\u00a0<\/strong>az el\u0151z\u0151 id\u00e9nyben m\u00e9g csapatkapit\u00e1nyk\u00e9nt er\u0151s\u00edtette az \u00dajpestet, azonban lej\u00e1rt a szerz\u0151d\u00e9se, amelyet nem hosszabb\u00edtott meg a Megyeri \u00faton. Az egyszeres szerb v\u00e1logatott k\u00f6z\u00e9pp\u00e1ly\u00e1s kor\u00e1bban megfordult a ZTE-ben \u00e9s a Videotonban is.<\/p>\n\n\n\n<p>&#8220;<em>Mindenk\u00e9ppen szerett\u00fcnk volna a csal\u00e1dommal Magyarorsz\u00e1gon maradni, a Honv\u00e9d pedig az egyik legnagyszer\u0171bb klub, hatalmas szurkol\u00f3t\u00e1borral, t\u00f6rt\u00e9nelemmel \u00e9s persze csod\u00e1s l\u00e9tes\u00edtm\u00e9nyekkel. Ezek mind fontos t\u00e9nyez\u0151k voltak a d\u00f6nt\u00e9semben, hogy itt folytassam a p\u00e1lyafut\u00e1somat, \u00e9s nagyon \u00f6r\u00fcl\u00f6k, hogy mostant\u00f3l \u00e9n is r\u00e9szese lehetek a klubnak. Szeretn\u00e9k ugyanolyan, vagy m\u00e9g ann\u00e1l is jobb teljes\u00edtm\u00e9nyt ny\u00fajtani, mint az el\u0151z\u0151 szezonban, \u00e9s seg\u00edteni a csapatot, hiszen a Honv\u00e9d meg\u00e9rdemli, hogy el\u0151kel\u0151bb helyet foglaljon el a magyar futballban\u201d<\/em><\/p>","protected":false},"excerpt":{"rendered":"<p>Nikola Mitrovics\u00a0az el\u0151z\u0151 id\u00e9nyben m\u00e9g csapatkapit\u00e1nyk\u00e9nt er\u0151s\u00edtette az \u00dajpestet, azonban lej\u00e1rt a szerz\u0151d\u00e9se, amelyet nem hosszabb\u00edtott meg a Megyeri \u00faton. Az egyszeres szerb v\u00e1logatott k\u00f6z\u00e9pp\u00e1ly\u00e1s kor\u00e1bban megfordult a ZTE-ben \u00e9s a Videotonban is. &#8220;Mindenk\u00e9ppen szerett\u00fcnk volna a csal\u00e1dommal Magyarorsz\u00e1gon maradni, a Honv\u00e9d pedig az egyik legnagyszer\u0171bb klub, hatalmas szurkol\u00f3t\u00e1borral, t\u00f6rt\u00e9nelemmel \u00e9s persze csod\u00e1s l\u00e9tes\u00edtm\u00e9nyekkel. Ezek [&hellip;]<\/p>","protected":false},"author":4,"featured_media":685,"comment_status":"open","ping_status":"open","sticky":false,"template":"","format":"standard","meta":{"_et_pb_use_builder":"off","_et_pb_old_content":"","_et_gb_content_width":"","footnotes":""},"categories":[1],"tags":[],"yoast_head":"<!-- This site is optimized with the Yoast SEO plugin v23.1 - https:\/\/yoast.com\/wordpress\/plugins\/seo\/ -->\n<title>Nikola Mitrovics \u00fajpesti szerz\u0151d\u00e9s\u00e9nek lej\u00e1rt\u00e1val a Budapest Honv\u00e9dhoz igazolt\u00a0 - F-group<\/title>\n<meta name=\"robots\" content=\"index, follow, max-snippet:-1, max-image-preview:large, max-video-preview:-1\" \/>\n<link rel=\"canonical\" href=\"https:\/\/www.f-group.hu\/hu\/2022\/06\/30\/nikola-mitrovics-ujpesti-szerzodesenek-lejartaval-a-budapest-honvedhoz-igazolt\/\" \/>\n<meta property=\"og:locale\" content=\"hu_HU\" \/>\n<meta property=\"og:type\" content=\"article\" \/>\n<meta property=\"og:title\" content=\"Nikola Mitrovics \u00fajpesti szerz\u0151d\u00e9s\u00e9nek lej\u00e1rt\u00e1val a Budapest Honv\u00e9dhoz igazolt\u00a0 - F-group\" \/>\n<meta property=\"og:description\" content=\"Nikola Mitrovics\u00a0az el\u0151z\u0151 id\u00e9nyben m\u00e9g csapatkapit\u00e1nyk\u00e9nt er\u0151s\u00edtette az \u00dajpestet, azonban lej\u00e1rt a szerz\u0151d\u00e9se, amelyet nem hosszabb\u00edtott meg a Megyeri \u00faton. Az egyszeres szerb v\u00e1logatott k\u00f6z\u00e9pp\u00e1ly\u00e1s kor\u00e1bban megfordult a ZTE-ben \u00e9s a Videotonban is. &#8220;Mindenk\u00e9ppen szerett\u00fcnk volna a csal\u00e1dommal Magyarorsz\u00e1gon maradni, a Honv\u00e9d pedig az egyik legnagyszer\u0171bb klub, hatalmas szurkol\u00f3t\u00e1borral, t\u00f6rt\u00e9nelemmel \u00e9s persze csod\u00e1s l\u00e9tes\u00edtm\u00e9nyekkel. Ezek [&hellip;]\" \/>\n<meta property=\"og:url\" content=\"https:\/\/www.f-group.hu\/hu\/2022\/06\/30\/nikola-mitrovics-ujpesti-szerzodesenek-lejartaval-a-budapest-honvedhoz-igazolt\/\" \/>\n<meta property=\"og:site_name\" content=\"F-group\" \/>\n<meta property=\"article:published_time\" content=\"2022-06-30T09:45:29+00:00\" \/>\n<meta property=\"article:modified_time\" content=\"2022-07-18T13:30:16+00:00\" \/>\n<meta property=\"og:image\" content=\"https:\/\/www.f-group.hu\/wp-content\/uploads\/2022\/07\/IMG-20220706-WA0003.jpg\" \/>\n\t<meta property=\"og:image:width\" content=\"800\" \/>\n\t<meta property=\"og:image:height\" content=\"700\" \/>\n\t<meta property=\"og:image:type\" content=\"image\/jpeg\" \/>\n<meta name=\"author\" content=\"garanddesign\" \/>\n<meta name=\"twitter:card\" content=\"summary_large_image\" \/>\n<meta name=\"twitter:label1\" content=\"Szerz\u0151:\" \/>\n\t<meta name=\"twitter:data1\" content=\"garanddesign\" \/>\n\t<meta name=\"twitter:label2\" content=\"Becs\u00fclt olvas\u00e1si id\u0151\" \/>\n\t<meta name=\"twitter:data2\" content=\"1 perc\" \/>\n<script type=\"application\/ld+json\" class=\"yoast-schema-graph\">{\"@context\":\"https:\/\/schema.org\",\"@graph\":[{\"@type\":\"WebPage\",\"@id\":\"https:\/\/www.f-group.hu\/hu\/2022\/06\/30\/nikola-mitrovics-ujpesti-szerzodesenek-lejartaval-a-budapest-honvedhoz-igazolt\/\",\"url\":\"https:\/\/www.f-group.hu\/hu\/2022\/06\/30\/nikola-mitrovics-ujpesti-szerzodesenek-lejartaval-a-budapest-honvedhoz-igazolt\/\",\"name\":\"Nikola Mitrovics \u00fajpesti szerz\u0151d\u00e9s\u00e9nek lej\u00e1rt\u00e1val a Budapest Honv\u00e9dhoz igazolt\u00a0 - F-group\",\"isPartOf\":{\"@id\":\"https:\/\/www.f-group.hu\/#website\"},\"primaryImageOfPage\":{\"@id\":\"https:\/\/www.f-group.hu\/hu\/2022\/06\/30\/nikola-mitrovics-ujpesti-szerzodesenek-lejartaval-a-budapest-honvedhoz-igazolt\/#primaryimage\"},\"image\":{\"@id\":\"https:\/\/www.f-group.hu\/hu\/2022\/06\/30\/nikola-mitrovics-ujpesti-szerzodesenek-lejartaval-a-budapest-honvedhoz-igazolt\/#primaryimage\"},\"thumbnailUrl\":\"https:\/\/f-group.hu\/wp-content\/uploads\/2022\/07\/IMG-20220706-WA0003.jpg\",\"datePublished\":\"2022-06-30T09:45:29+00:00\",\"dateModified\":\"2022-07-18T13:30:16+00:00\",\"author\":{\"@id\":\"https:\/\/www.f-group.hu\/#\/schema\/person\/d9e3f0aad33bb45b1f4a26abaddeb3c6\"},\"breadcrumb\":{\"@id\":\"https:\/\/www.f-group.hu\/hu\/2022\/06\/30\/nikola-mitrovics-ujpesti-szerzodesenek-lejartaval-a-budapest-honvedhoz-igazolt\/#breadcrumb\"},\"inLanguage\":\"hu\",\"potentialAction\":[{\"@type\":\"ReadAction\",\"target\":[\"https:\/\/www.f-group.hu\/hu\/2022\/06\/30\/nikola-mitrovics-ujpesti-szerzodesenek-lejartaval-a-budapest-honvedhoz-igazolt\/\"]}]},{\"@type\":\"ImageObject\",\"inLanguage\":\"hu\",\"@id\":\"https:\/\/www.f-group.hu\/hu\/2022\/06\/30\/nikola-mitrovics-ujpesti-szerzodesenek-lejartaval-a-budapest-honvedhoz-igazolt\/#primaryimage\",\"url\":\"https:\/\/f-group.hu\/wp-content\/uploads\/2022\/07\/IMG-20220706-WA0003.jpg\",\"contentUrl\":\"https:\/\/f-group.hu\/wp-content\/uploads\/2022\/07\/IMG-20220706-WA0003.jpg\",\"width\":800,\"height\":700,\"caption\":\"mitro-igazol\"},{\"@type\":\"BreadcrumbList\",\"@id\":\"https:\/\/www.f-group.hu\/hu\/2022\/06\/30\/nikola-mitrovics-ujpesti-szerzodesenek-lejartaval-a-budapest-honvedhoz-igazolt\/#breadcrumb\",\"itemListElement\":[{\"@type\":\"ListItem\",\"position\":1,\"name\":\"Home\",\"item\":\"https:\/\/f-group.hu\/\"},{\"@type\":\"ListItem\",\"position\":2,\"name\":\"Nikola Mitrovics \u00fajpesti szerz\u0151d\u00e9s\u00e9nek lej\u00e1rt\u00e1val a Budapest Honv\u00e9dhoz igazolt\u00a0\"}]},{\"@type\":\"WebSite\",\"@id\":\"https:\/\/www.f-group.hu\/#website\",\"url\":\"https:\/\/www.f-group.hu\/\",\"name\":\"F-group\",\"description\":\"Professzion\u00e1lis j\u00e1t\u00e9kosmenedzsment\",\"potentialAction\":[{\"@type\":\"SearchAction\",\"target\":{\"@type\":\"EntryPoint\",\"urlTemplate\":\"https:\/\/www.f-group.hu\/?s={search_term_string}\"},\"query-input\":\"required name=search_term_string\"}],\"inLanguage\":\"hu\"},{\"@type\":\"Person\",\"@id\":\"https:\/\/www.f-group.hu\/#\/schema\/person\/d9e3f0aad33bb45b1f4a26abaddeb3c6\",\"name\":\"garanddesign\",\"image\":{\"@type\":\"ImageObject\",\"inLanguage\":\"hu\",\"@id\":\"https:\/\/www.f-group.hu\/#\/schema\/person\/image\/\",\"url\":\"https:\/\/secure.gravatar.com\/avatar\/ffbf9dcf27b7adbe0a7e413d1c0aff22?s=96&d=mm&r=g\",\"contentUrl\":\"https:\/\/secure.gravatar.com\/avatar\/ffbf9dcf27b7adbe0a7e413d1c0aff22?s=96&d=mm&r=g\",\"caption\":\"garanddesign\"},\"url\":\"https:\/\/f-group.hu\/hu\/author\/garanddesign\/\"}]}<\/script>\n<!-- \/ Yoast SEO plugin. -->","yoast_head_json":{"title":"Nikola Mitrovics \u00fajpesti szerz\u0151d\u00e9s\u00e9nek lej\u00e1rt\u00e1val a Budapest Honv\u00e9dhoz igazolt\u00a0 - F-group","robots":{"index":"index","follow":"follow","max-snippet":"max-snippet:-1","max-image-preview":"max-image-preview:large","max-video-preview":"max-video-preview:-1"},"canonical":"https:\/\/www.f-group.hu\/hu\/2022\/06\/30\/nikola-mitrovics-ujpesti-szerzodesenek-lejartaval-a-budapest-honvedhoz-igazolt\/","og_locale":"hu_HU","og_type":"article","og_title":"Nikola Mitrovics \u00fajpesti szerz\u0151d\u00e9s\u00e9nek lej\u00e1rt\u00e1val a Budapest Honv\u00e9dhoz igazolt\u00a0 - F-group","og_description":"Nikola Mitrovics\u00a0az el\u0151z\u0151 id\u00e9nyben m\u00e9g csapatkapit\u00e1nyk\u00e9nt er\u0151s\u00edtette az \u00dajpestet, azonban lej\u00e1rt a szerz\u0151d\u00e9se, amelyet nem hosszabb\u00edtott meg a Megyeri \u00faton. Az egyszeres szerb v\u00e1logatott k\u00f6z\u00e9pp\u00e1ly\u00e1s kor\u00e1bban megfordult a ZTE-ben \u00e9s a Videotonban is. &#8220;Mindenk\u00e9ppen szerett\u00fcnk volna a csal\u00e1dommal Magyarorsz\u00e1gon maradni, a Honv\u00e9d pedig az egyik legnagyszer\u0171bb klub, hatalmas szurkol\u00f3t\u00e1borral, t\u00f6rt\u00e9nelemmel \u00e9s persze csod\u00e1s l\u00e9tes\u00edtm\u00e9nyekkel. Ezek [&hellip;]","og_url":"https:\/\/www.f-group.hu\/hu\/2022\/06\/30\/nikola-mitrovics-ujpesti-szerzodesenek-lejartaval-a-budapest-honvedhoz-igazolt\/","og_site_name":"F-group","article_published_time":"2022-06-30T09:45:29+00:00","article_modified_time":"2022-07-18T13:30:16+00:00","og_image":[{"width":800,"height":700,"url":"https:\/\/www.f-group.hu\/wp-content\/uploads\/2022\/07\/IMG-20220706-WA0003.jpg","type":"image\/jpeg"}],"author":"garanddesign","twitter_card":"summary_large_image","twitter_misc":{"Szerz\u0151:":"garanddesign","Becs\u00fclt olvas\u00e1si id\u0151":"1 perc"},"schema":{"@context":"https:\/\/schema.org","@graph":[{"@type":"WebPage","@id":"https:\/\/www.f-group.hu\/hu\/2022\/06\/30\/nikola-mitrovics-ujpesti-szerzodesenek-lejartaval-a-budapest-honvedhoz-igazolt\/","url":"https:\/\/www.f-group.hu\/hu\/2022\/06\/30\/nikola-mitrovics-ujpesti-szerzodesenek-lejartaval-a-budapest-honvedhoz-igazolt\/","name":"Nikola Mitrovics \u00fajpesti szerz\u0151d\u00e9s\u00e9nek lej\u00e1rt\u00e1val a Budapest Honv\u00e9dhoz igazolt\u00a0 - F-group","isPartOf":{"@id":"https:\/\/www.f-group.hu\/#website"},"primaryImageOfPage":{"@id":"https:\/\/www.f-group.hu\/hu\/2022\/06\/30\/nikola-mitrovics-ujpesti-szerzodesenek-lejartaval-a-budapest-honvedhoz-igazolt\/#primaryimage"},"image":{"@id":"https:\/\/www.f-group.hu\/hu\/2022\/06\/30\/nikola-mitrovics-ujpesti-szerzodesenek-lejartaval-a-budapest-honvedhoz-igazolt\/#primaryimage"},"thumbnailUrl":"https:\/\/f-group.hu\/wp-content\/uploads\/2022\/07\/IMG-20220706-WA0003.jpg","datePublished":"2022-06-30T09:45:29+00:00","dateModified":"2022-07-18T13:30:16+00:00","author":{"@id":"https:\/\/www.f-group.hu\/#\/schema\/person\/d9e3f0aad33bb45b1f4a26abaddeb3c6"},"breadcrumb":{"@id":"https:\/\/www.f-group.hu\/hu\/2022\/06\/30\/nikola-mitrovics-ujpesti-szerzodesenek-lejartaval-a-budapest-honvedhoz-igazolt\/#breadcrumb"},"inLanguage":"hu","potentialAction":[{"@type":"ReadAction","target":["https:\/\/www.f-group.hu\/hu\/2022\/06\/30\/nikola-mitrovics-ujpesti-szerzodesenek-lejartaval-a-budapest-honvedhoz-igazolt\/"]}]},{"@type":"ImageObject","inLanguage":"hu","@id":"https:\/\/www.f-group.hu\/hu\/2022\/06\/30\/nikola-mitrovics-ujpesti-szerzodesenek-lejartaval-a-budapest-honvedhoz-igazolt\/#primaryimage","url":"https:\/\/f-group.hu\/wp-content\/uploads\/2022\/07\/IMG-20220706-WA0003.jpg","contentUrl":"https:\/\/f-group.hu\/wp-content\/uploads\/2022\/07\/IMG-20220706-WA0003.jpg","width":800,"height":700,"caption":"mitro-igazol"},{"@type":"BreadcrumbList","@id":"https:\/\/www.f-group.hu\/hu\/2022\/06\/30\/nikola-mitrovics-ujpesti-szerzodesenek-lejartaval-a-budapest-honvedhoz-igazolt\/#breadcrumb","itemListElement":[{"@type":"ListItem","position":1,"name":"Home","item":"https:\/\/f-group.hu\/"},{"@type":"ListItem","position":2,"name":"Nikola Mitrovics \u00fajpesti szerz\u0151d\u00e9s\u00e9nek lej\u00e1rt\u00e1val a Budapest Honv\u00e9dhoz igazolt\u00a0"}]},{"@type":"WebSite","@id":"https:\/\/www.f-group.hu\/#website","url":"https:\/\/www.f-group.hu\/","name":"F-group","description":"Professzion\u00e1lis j\u00e1t\u00e9kosmenedzsment","potentialAction":[{"@type":"SearchAction","target":{"@type":"EntryPoint","urlTemplate":"https:\/\/www.f-group.hu\/?s={search_term_string}"},"query-input":"required name=search_term_string"}],"inLanguage":"hu"},{"@type":"Person","@id":"https:\/\/www.f-group.hu\/#\/schema\/person\/d9e3f0aad33bb45b1f4a26abaddeb3c6","name":"garanddesign","image":{"@type":"ImageObject","inLanguage":"hu","@id":"https:\/\/www.f-group.hu\/#\/schema\/person\/image\/","url":"https:\/\/secure.gravatar.com\/avatar\/ffbf9dcf27b7adbe0a7e413d1c0aff22?s=96&d=mm&r=g","contentUrl":"https:\/\/secure.gravatar.com\/avatar\/ffbf9dcf27b7adbe0a7e413d1c0aff22?s=96&d=mm&r=g","caption":"garanddesign"},"url":"https:\/\/f-group.hu\/hu\/author\/garanddesign\/"}]}},"jetpack_featured_media_url":"https:\/\/f-group.hu\/wp-content\/uploads\/2022\/07\/IMG-20220706-WA0003.jpg","_links":{"self":[{"href":"https:\/\/f-group.hu\/hu\/wp-json\/wp\/v2\/posts\/684"}],"collection":[{"href":"https:\/\/f-group.hu\/hu\/wp-json\/wp\/v2\/posts"}],"about":[{"href":"https:\/\/f-group.hu\/hu\/wp-json\/wp\/v2\/types\/post"}],"author":[{"embeddable":true,"href":"https:\/\/f-group.hu\/hu\/wp-json\/wp\/v2\/users\/4"}],"replies":[{"embeddable":true,"href":"https:\/\/f-group.hu\/hu\/wp-json\/wp\/v2\/comments?post=684"}],"version-history":[{"count":1,"href":"https:\/\/f-group.hu\/hu\/wp-json\/wp\/v2\/posts\/684\/revisions"}],"predecessor-version":[{"id":688,"href":"https:\/\/f-group.hu\/hu\/wp-json\/wp\/v2\/posts\/684\/revisions\/688"}],"wp:featuredmedia":[{"embeddable":true,"href":"https:\/\/f-group.hu\/hu\/wp-json\/wp\/v2\/media\/685"}],"wp:attachment":[{"href":"https:\/\/f-group.hu\/hu\/wp-json\/wp\/v2\/media?parent=684"}],"wp:term":[{"taxonomy":"category","embeddable":true,"href":"https:\/\/f-group.hu\/hu\/wp-json\/wp\/v2\/categories?post=684"},{"taxonomy":"post_tag","embeddable":true,"href":"https:\/\/f-group.hu\/hu\/wp-json\/wp\/v2\/tags?post=684"}],"curies":[{"name":"wp","href":"https:\/\/api.w.org\/{rel}","templated":true}]}}