{"id":817,"date":"2022-06-23T14:09:33","date_gmt":"2022-06-23T14:09:33","guid":{"rendered":"https:\/\/f-group.hu\/?p=817"},"modified":"2022-07-18T14:10:09","modified_gmt":"2022-07-18T14:10:09","slug":"kiss-balazs-az-eto-fc-ben-folytatja","status":"publish","type":"post","link":"https:\/\/f-group.hu\/hu\/2022\/06\/23\/kiss-balazs-az-eto-fc-ben-folytatja\/","title":{"rendered":"Kiss Bal\u00e1zs a Gy\u0151ri ETO FC-ben folytatja"},"content":{"rendered":"<p><em>Kiss Bal\u00e1zs szem\u00e9ly\u00e9ben t\u00f6bb poszton is bevethet\u0151 labdar\u00fag\u00f3t szerz\u0151dtetett az ETO FC. A 23 esztend\u0151s j\u00e1t\u00e9kos Si\u00f3fokr\u00f3l teszi \u00e1t sz\u00e9khely\u00e9t Gy\u0151rbe, ahol szeretn\u00e9 alapemberk\u00e9nt seg\u00edteni c\u00e9ljai el\u00e9r\u00e9s\u00e9ben az egy\u00fcttest.<\/em><\/p>\n\n\n\n<p><em>Kiss Bal\u00e1zs az el\u0151z\u0151 szezonban t\u00e1mad\u00f3k\u00e9nt kapott szerepet, \u00e1m p\u00e1lyafut\u00e1sa sor\u00e1n j\u00e1tszott m\u00e1r a v\u00e9delemben is. A labdar\u00fag\u00e1st a Vasas Kubala Akad\u00e9mi\u00e1n kezdte, ahonnan Si\u00f3fokra ker\u00fclt, ami az\u00f3ta az egyetlen feln\u0151ttcsapata volt. Most nagy tervekkel \u00e9rkezett Gy\u0151rbe, szeretne alapemberr\u00e9 v\u00e1lni az ETO-ban, \u00e9s j\u00f3 j\u00e1t\u00e9kkal seg\u00edteni az egy\u00fcttest a j\u00f3 szerepl\u00e9sben. Kiss Bal\u00e1zs k\u00e9t\u00e9ves szerz\u0151d\u00e9st \u00edrt al\u00e1, m\u00e1r nagyon v\u00e1rja a bajnoki rajtot, hogy bizony\u00edthasson a szakmai st\u00e1bnak.<\/em><\/p>\n\n\n\n<p><em>\u2013 Nagyon boldog vagyok, hogy egy ilyen nagy m\u00falt\u00fa csapathoz ker\u00fcltem \u2013 kezdte Kiss Bal\u00e1zs. \u2013 \u00d6t \u00e9vet t\u00f6lt\u00f6ttem el Si\u00f3fokon, ahol nagyon j\u00f3l \u00e9reztem magam, de \u00fagy gondoltam, hogy \u00faj impulzusokra, \u00e9s k\u00f6rnyezetv\u00e1ltoz\u00e1sra van sz\u00fcks\u00e9gem. Mihalecz Istv\u00e1n megkeres\u00e9s\u00e9re \u00e9rkeztem Gy\u0151rbe, \u00fagy \u00e9rzem, hogy itt tov\u00e1bb tudok fejl\u0151dni. Szeretn\u00e9k min\u00e9l t\u00f6bb j\u00e1t\u00e9klehet\u0151s\u00e9get kiharcolni magamnak, \u00e9s seg\u00edteni a csapatot, hogy a tabell\u00e1n el\u0151kel\u0151 helyen tudjon v\u00e9gezni.<\/em><\/p>","protected":false},"excerpt":{"rendered":"<p>Kiss Bal\u00e1zs szem\u00e9ly\u00e9ben t\u00f6bb poszton is bevethet\u0151 labdar\u00fag\u00f3t szerz\u0151dtetett az ETO FC. A 23 esztend\u0151s j\u00e1t\u00e9kos Si\u00f3fokr\u00f3l teszi \u00e1t sz\u00e9khely\u00e9t Gy\u0151rbe, ahol szeretn\u00e9 alapemberk\u00e9nt seg\u00edteni c\u00e9ljai el\u00e9r\u00e9s\u00e9ben az egy\u00fcttest. Kiss Bal\u00e1zs az el\u0151z\u0151 szezonban t\u00e1mad\u00f3k\u00e9nt kapott szerepet, \u00e1m p\u00e1lyafut\u00e1sa sor\u00e1n j\u00e1tszott m\u00e1r a v\u00e9delemben is. A labdar\u00fag\u00e1st a Vasas Kubala Akad\u00e9mi\u00e1n kezdte, ahonnan Si\u00f3fokra ker\u00fclt, [&hellip;]<\/p>","protected":false},"author":4,"featured_media":814,"comment_status":"open","ping_status":"open","sticky":false,"template":"","format":"standard","meta":{"_et_pb_use_builder":"off","_et_pb_old_content":"","_et_gb_content_width":"","footnotes":""},"categories":[1],"tags":[],"yoast_head":"<!-- This site is optimized with the Yoast SEO plugin v23.1 - https:\/\/yoast.com\/wordpress\/plugins\/seo\/ -->\n<title>Kiss Bal\u00e1zs a Gy\u0151ri ETO FC-ben folytatja - F-group<\/title>\n<meta name=\"robots\" content=\"index, follow, max-snippet:-1, max-image-preview:large, max-video-preview:-1\" \/>\n<link rel=\"canonical\" href=\"https:\/\/www.f-group.hu\/2022\/06\/23\/kiss-balazs-az-eto-fc-ben-folytatja\/\" \/>\n<meta property=\"og:locale\" content=\"hu_HU\" \/>\n<meta property=\"og:type\" content=\"article\" \/>\n<meta property=\"og:title\" content=\"Kiss Bal\u00e1zs a Gy\u0151ri ETO FC-ben folytatja - F-group\" \/>\n<meta property=\"og:description\" content=\"Kiss Bal\u00e1zs szem\u00e9ly\u00e9ben t\u00f6bb poszton is bevethet\u0151 labdar\u00fag\u00f3t szerz\u0151dtetett az ETO FC. A 23 esztend\u0151s j\u00e1t\u00e9kos Si\u00f3fokr\u00f3l teszi \u00e1t sz\u00e9khely\u00e9t Gy\u0151rbe, ahol szeretn\u00e9 alapemberk\u00e9nt seg\u00edteni c\u00e9ljai el\u00e9r\u00e9s\u00e9ben az egy\u00fcttest. Kiss Bal\u00e1zs az el\u0151z\u0151 szezonban t\u00e1mad\u00f3k\u00e9nt kapott szerepet, \u00e1m p\u00e1lyafut\u00e1sa sor\u00e1n j\u00e1tszott m\u00e1r a v\u00e9delemben is. A labdar\u00fag\u00e1st a Vasas Kubala Akad\u00e9mi\u00e1n kezdte, ahonnan Si\u00f3fokra ker\u00fclt, [&hellip;]\" \/>\n<meta property=\"og:url\" content=\"https:\/\/www.f-group.hu\/2022\/06\/23\/kiss-balazs-az-eto-fc-ben-folytatja\/\" \/>\n<meta property=\"og:site_name\" content=\"F-group\" \/>\n<meta property=\"article:published_time\" content=\"2022-06-23T14:09:33+00:00\" \/>\n<meta property=\"article:modified_time\" content=\"2022-07-18T14:10:09+00:00\" \/>\n<meta property=\"og:image\" content=\"https:\/\/www.f-group.hu\/wp-content\/uploads\/2022\/07\/IMG-20220706-WA0006.png\" \/>\n\t<meta property=\"og:image:width\" content=\"800\" \/>\n\t<meta property=\"og:image:height\" content=\"700\" \/>\n\t<meta property=\"og:image:type\" content=\"image\/png\" \/>\n<meta name=\"author\" content=\"garanddesign\" \/>\n<meta name=\"twitter:card\" content=\"summary_large_image\" \/>\n<meta name=\"twitter:label1\" content=\"Szerz\u0151:\" \/>\n\t<meta name=\"twitter:data1\" content=\"garanddesign\" \/>\n\t<meta name=\"twitter:label2\" content=\"Becs\u00fclt olvas\u00e1si id\u0151\" \/>\n\t<meta name=\"twitter:data2\" content=\"1 perc\" \/>\n<script type=\"application\/ld+json\" class=\"yoast-schema-graph\">{\"@context\":\"https:\/\/schema.org\",\"@graph\":[{\"@type\":\"WebPage\",\"@id\":\"https:\/\/www.f-group.hu\/2022\/06\/23\/kiss-balazs-az-eto-fc-ben-folytatja\/\",\"url\":\"https:\/\/www.f-group.hu\/2022\/06\/23\/kiss-balazs-az-eto-fc-ben-folytatja\/\",\"name\":\"Kiss Bal\u00e1zs a Gy\u0151ri ETO FC-ben folytatja - F-group\",\"isPartOf\":{\"@id\":\"https:\/\/www.f-group.hu\/#website\"},\"primaryImageOfPage\":{\"@id\":\"https:\/\/www.f-group.hu\/2022\/06\/23\/kiss-balazs-az-eto-fc-ben-folytatja\/#primaryimage\"},\"image\":{\"@id\":\"https:\/\/www.f-group.hu\/2022\/06\/23\/kiss-balazs-az-eto-fc-ben-folytatja\/#primaryimage\"},\"thumbnailUrl\":\"https:\/\/f-group.hu\/wp-content\/uploads\/2022\/07\/IMG-20220706-WA0006.png\",\"datePublished\":\"2022-06-23T14:09:33+00:00\",\"dateModified\":\"2022-07-18T14:10:09+00:00\",\"author\":{\"@id\":\"https:\/\/www.f-group.hu\/#\/schema\/person\/d9e3f0aad33bb45b1f4a26abaddeb3c6\"},\"breadcrumb\":{\"@id\":\"https:\/\/www.f-group.hu\/2022\/06\/23\/kiss-balazs-az-eto-fc-ben-folytatja\/#breadcrumb\"},\"inLanguage\":\"hu\",\"potentialAction\":[{\"@type\":\"ReadAction\",\"target\":[\"https:\/\/www.f-group.hu\/2022\/06\/23\/kiss-balazs-az-eto-fc-ben-folytatja\/\"]}]},{\"@type\":\"ImageObject\",\"inLanguage\":\"hu\",\"@id\":\"https:\/\/www.f-group.hu\/2022\/06\/23\/kiss-balazs-az-eto-fc-ben-folytatja\/#primaryimage\",\"url\":\"https:\/\/f-group.hu\/wp-content\/uploads\/2022\/07\/IMG-20220706-WA0006.png\",\"contentUrl\":\"https:\/\/f-group.hu\/wp-content\/uploads\/2022\/07\/IMG-20220706-WA0006.png\",\"width\":800,\"height\":700,\"caption\":\"kiss-bazsi-eto\"},{\"@type\":\"BreadcrumbList\",\"@id\":\"https:\/\/www.f-group.hu\/2022\/06\/23\/kiss-balazs-az-eto-fc-ben-folytatja\/#breadcrumb\",\"itemListElement\":[{\"@type\":\"ListItem\",\"position\":1,\"name\":\"Home\",\"item\":\"https:\/\/f-group.hu\/\"},{\"@type\":\"ListItem\",\"position\":2,\"name\":\"Kiss Bal\u00e1zs a Gy\u0151ri ETO FC-ben folytatja\"}]},{\"@type\":\"WebSite\",\"@id\":\"https:\/\/www.f-group.hu\/#website\",\"url\":\"https:\/\/www.f-group.hu\/\",\"name\":\"F-group\",\"description\":\"Professzion\u00e1lis j\u00e1t\u00e9kosmenedzsment\",\"potentialAction\":[{\"@type\":\"SearchAction\",\"target\":{\"@type\":\"EntryPoint\",\"urlTemplate\":\"https:\/\/www.f-group.hu\/?s={search_term_string}\"},\"query-input\":\"required name=search_term_string\"}],\"inLanguage\":\"hu\"},{\"@type\":\"Person\",\"@id\":\"https:\/\/www.f-group.hu\/#\/schema\/person\/d9e3f0aad33bb45b1f4a26abaddeb3c6\",\"name\":\"garanddesign\",\"image\":{\"@type\":\"ImageObject\",\"inLanguage\":\"hu\",\"@id\":\"https:\/\/www.f-group.hu\/#\/schema\/person\/image\/\",\"url\":\"https:\/\/secure.gravatar.com\/avatar\/ffbf9dcf27b7adbe0a7e413d1c0aff22?s=96&d=mm&r=g\",\"contentUrl\":\"https:\/\/secure.gravatar.com\/avatar\/ffbf9dcf27b7adbe0a7e413d1c0aff22?s=96&d=mm&r=g\",\"caption\":\"garanddesign\"},\"url\":\"https:\/\/f-group.hu\/hu\/author\/garanddesign\/\"}]}<\/script>\n<!-- \/ Yoast SEO plugin. -->","yoast_head_json":{"title":"Kiss Bal\u00e1zs a Gy\u0151ri ETO FC-ben folytatja - F-group","robots":{"index":"index","follow":"follow","max-snippet":"max-snippet:-1","max-image-preview":"max-image-preview:large","max-video-preview":"max-video-preview:-1"},"canonical":"https:\/\/www.f-group.hu\/2022\/06\/23\/kiss-balazs-az-eto-fc-ben-folytatja\/","og_locale":"hu_HU","og_type":"article","og_title":"Kiss Bal\u00e1zs a Gy\u0151ri ETO FC-ben folytatja - F-group","og_description":"Kiss Bal\u00e1zs szem\u00e9ly\u00e9ben t\u00f6bb poszton is bevethet\u0151 labdar\u00fag\u00f3t szerz\u0151dtetett az ETO FC. A 23 esztend\u0151s j\u00e1t\u00e9kos Si\u00f3fokr\u00f3l teszi \u00e1t sz\u00e9khely\u00e9t Gy\u0151rbe, ahol szeretn\u00e9 alapemberk\u00e9nt seg\u00edteni c\u00e9ljai el\u00e9r\u00e9s\u00e9ben az egy\u00fcttest. Kiss Bal\u00e1zs az el\u0151z\u0151 szezonban t\u00e1mad\u00f3k\u00e9nt kapott szerepet, \u00e1m p\u00e1lyafut\u00e1sa sor\u00e1n j\u00e1tszott m\u00e1r a v\u00e9delemben is. A labdar\u00fag\u00e1st a Vasas Kubala Akad\u00e9mi\u00e1n kezdte, ahonnan Si\u00f3fokra ker\u00fclt, [&hellip;]","og_url":"https:\/\/www.f-group.hu\/2022\/06\/23\/kiss-balazs-az-eto-fc-ben-folytatja\/","og_site_name":"F-group","article_published_time":"2022-06-23T14:09:33+00:00","article_modified_time":"2022-07-18T14:10:09+00:00","og_image":[{"width":800,"height":700,"url":"https:\/\/www.f-group.hu\/wp-content\/uploads\/2022\/07\/IMG-20220706-WA0006.png","type":"image\/png"}],"author":"garanddesign","twitter_card":"summary_large_image","twitter_misc":{"Szerz\u0151:":"garanddesign","Becs\u00fclt olvas\u00e1si id\u0151":"1 perc"},"schema":{"@context":"https:\/\/schema.org","@graph":[{"@type":"WebPage","@id":"https:\/\/www.f-group.hu\/2022\/06\/23\/kiss-balazs-az-eto-fc-ben-folytatja\/","url":"https:\/\/www.f-group.hu\/2022\/06\/23\/kiss-balazs-az-eto-fc-ben-folytatja\/","name":"Kiss Bal\u00e1zs a Gy\u0151ri ETO FC-ben folytatja - F-group","isPartOf":{"@id":"https:\/\/www.f-group.hu\/#website"},"primaryImageOfPage":{"@id":"https:\/\/www.f-group.hu\/2022\/06\/23\/kiss-balazs-az-eto-fc-ben-folytatja\/#primaryimage"},"image":{"@id":"https:\/\/www.f-group.hu\/2022\/06\/23\/kiss-balazs-az-eto-fc-ben-folytatja\/#primaryimage"},"thumbnailUrl":"https:\/\/f-group.hu\/wp-content\/uploads\/2022\/07\/IMG-20220706-WA0006.png","datePublished":"2022-06-23T14:09:33+00:00","dateModified":"2022-07-18T14:10:09+00:00","author":{"@id":"https:\/\/www.f-group.hu\/#\/schema\/person\/d9e3f0aad33bb45b1f4a26abaddeb3c6"},"breadcrumb":{"@id":"https:\/\/www.f-group.hu\/2022\/06\/23\/kiss-balazs-az-eto-fc-ben-folytatja\/#breadcrumb"},"inLanguage":"hu","potentialAction":[{"@type":"ReadAction","target":["https:\/\/www.f-group.hu\/2022\/06\/23\/kiss-balazs-az-eto-fc-ben-folytatja\/"]}]},{"@type":"ImageObject","inLanguage":"hu","@id":"https:\/\/www.f-group.hu\/2022\/06\/23\/kiss-balazs-az-eto-fc-ben-folytatja\/#primaryimage","url":"https:\/\/f-group.hu\/wp-content\/uploads\/2022\/07\/IMG-20220706-WA0006.png","contentUrl":"https:\/\/f-group.hu\/wp-content\/uploads\/2022\/07\/IMG-20220706-WA0006.png","width":800,"height":700,"caption":"kiss-bazsi-eto"},{"@type":"BreadcrumbList","@id":"https:\/\/www.f-group.hu\/2022\/06\/23\/kiss-balazs-az-eto-fc-ben-folytatja\/#breadcrumb","itemListElement":[{"@type":"ListItem","position":1,"name":"Home","item":"https:\/\/f-group.hu\/"},{"@type":"ListItem","position":2,"name":"Kiss Bal\u00e1zs a Gy\u0151ri ETO FC-ben folytatja"}]},{"@type":"WebSite","@id":"https:\/\/www.f-group.hu\/#website","url":"https:\/\/www.f-group.hu\/","name":"F-group","description":"Professzion\u00e1lis j\u00e1t\u00e9kosmenedzsment","potentialAction":[{"@type":"SearchAction","target":{"@type":"EntryPoint","urlTemplate":"https:\/\/www.f-group.hu\/?s={search_term_string}"},"query-input":"required name=search_term_string"}],"inLanguage":"hu"},{"@type":"Person","@id":"https:\/\/www.f-group.hu\/#\/schema\/person\/d9e3f0aad33bb45b1f4a26abaddeb3c6","name":"garanddesign","image":{"@type":"ImageObject","inLanguage":"hu","@id":"https:\/\/www.f-group.hu\/#\/schema\/person\/image\/","url":"https:\/\/secure.gravatar.com\/avatar\/ffbf9dcf27b7adbe0a7e413d1c0aff22?s=96&d=mm&r=g","contentUrl":"https:\/\/secure.gravatar.com\/avatar\/ffbf9dcf27b7adbe0a7e413d1c0aff22?s=96&d=mm&r=g","caption":"garanddesign"},"url":"https:\/\/f-group.hu\/hu\/author\/garanddesign\/"}]}},"jetpack_featured_media_url":"https:\/\/f-group.hu\/wp-content\/uploads\/2022\/07\/IMG-20220706-WA0006.png","_links":{"self":[{"href":"https:\/\/f-group.hu\/hu\/wp-json\/wp\/v2\/posts\/817"}],"collection":[{"href":"https:\/\/f-group.hu\/hu\/wp-json\/wp\/v2\/posts"}],"about":[{"href":"https:\/\/f-group.hu\/hu\/wp-json\/wp\/v2\/types\/post"}],"author":[{"embeddable":true,"href":"https:\/\/f-group.hu\/hu\/wp-json\/wp\/v2\/users\/4"}],"replies":[{"embeddable":true,"href":"https:\/\/f-group.hu\/hu\/wp-json\/wp\/v2\/comments?post=817"}],"version-history":[{"count":2,"href":"https:\/\/f-group.hu\/hu\/wp-json\/wp\/v2\/posts\/817\/revisions"}],"predecessor-version":[{"id":819,"href":"https:\/\/f-group.hu\/hu\/wp-json\/wp\/v2\/posts\/817\/revisions\/819"}],"wp:featuredmedia":[{"embeddable":true,"href":"https:\/\/f-group.hu\/hu\/wp-json\/wp\/v2\/media\/814"}],"wp:attachment":[{"href":"https:\/\/f-group.hu\/hu\/wp-json\/wp\/v2\/media?parent=817"}],"wp:term":[{"taxonomy":"category","embeddable":true,"href":"https:\/\/f-group.hu\/hu\/wp-json\/wp\/v2\/categories?post=817"},{"taxonomy":"post_tag","embeddable":true,"href":"https:\/\/f-group.hu\/hu\/wp-json\/wp\/v2\/tags?post=817"}],"curies":[{"name":"wp","href":"https:\/\/api.w.org\/{rel}","templated":true}]}}