{"id":835,"date":"2022-08-03T10:25:32","date_gmt":"2022-08-03T10:25:32","guid":{"rendered":"https:\/\/f-group.hu\/?p=835"},"modified":"2022-08-03T10:25:32","modified_gmt":"2022-08-03T10:25:32","slug":"varga-kevin-keteves-szerzodest-ir-ala-uj-egyuttesevel-a-hataysporral","status":"publish","type":"post","link":"https:\/\/f-group.hu\/hu\/2022\/08\/03\/varga-kevin-keteves-szerzodest-ir-ala-uj-egyuttesevel-a-hataysporral\/","title":{"rendered":"Varga Kevin k\u00e9t\u00e9ves szerz\u0151d\u00e9st \u00edr al\u00e1 \u00faj egy\u00fcttes\u00e9vel, a Hataysporral."},"content":{"rendered":"<p>Varga Kevin k\u00e9t\u00e9ves szerz\u0151d\u00e9st \u00edr al\u00e1 \u00faj egy\u00fcttes\u00e9vel, a Hataysporral, mely az el\u0151z\u0151 ki\u00edr\u00e1sban a 12. helyen z\u00e1rt a h\u00faszcsapatos t\u00f6r\u00f6k bajnoks\u00e1gban.<\/p>\n\n\n\n<p>A 13-szoros v\u00e1logatott, tavaly ny\u00e1ron az Eb-n is szerepl\u0151 Varga Kevin tavasszal a sv\u00e1jci Young Boysn\u00e1l futballozott k\u00f6lcs\u00f6nben, k\u00f6lcs\u00f6nszerz\u0151d\u00e9se lej\u00e1rt\u00e1val visszat\u00e9rt a Kasimpas\u00e1hoz, de mivel a t\u00f6r\u00f6k klub szerz\u0151d\u00e9st szegett vele szemben, egyoldal\u00faan felbontotta a 2023-ig sz\u00f3l\u00f3 meg\u00e1llapod\u00e1s\u00e1t.<\/p>\n\n\n\n<p>\u201eVarga Kevin Sv\u00e1jcb\u00f3l visszat\u00e9rt a ny\u00e1ron T\u00f6r\u00f6korsz\u00e1gba, de mivel a Kasimpasa tartozik neki, szerz\u0151d\u00e9st bontott a klubbal. Err\u0151l m\u00e1r t\u00e1j\u00e9koztattuk a t\u00f6r\u00f6k sz\u00f6vets\u00e9get, amelyt\u0151l meg is kaptuk a szerz\u0151d\u00e9sbont\u00e1ssal kapcsolatos visszaigazol\u00e1st \u2013 nyilatkozta a j\u00e1t\u00e9kos menedzsere, Filipovics Vladan m\u00e9g a szerz\u0151d\u00e9sbont\u00e1s ut\u00e1n, \u00e9s a j\u00e1t\u00e9kos\u00fcgyn\u00f6k a mai bejelent\u00e9st k\u00f6vet\u0151en is komment\u00e1lta az \u00e1tigazol\u00e1st. \u2013 A szerz\u0151d\u00e9sbont\u00e1st k\u00f6vet\u0151en t\u00f6bb klub is jelentkezett k\u00fcl\u00f6nb\u00f6z\u0151 orsz\u00e1gokb\u00f3l, de a Hataysporon \u00e9rezt\u00fck a legink\u00e1bb, hogy val\u00f3ban szeretn\u00e9k szerz\u0151dtetni Varga Kevint, a csapat \u00faj edz\u0151je j\u00f3l ismeri \u0151t \u00e9s \u00fagy gondoljuk, a t\u00f6r\u00f6k \u00e9lvonalban m\u00e9g sokat fejl\u0151dhet, ez\u00e9rt fogadta el a klub aj\u00e1nlat\u00e1t.\u201d<\/p>\n\n\n\n<p>\u201e\u00dagy gondolom, itt \u00fajra rendszeresen j\u00e1tszhatok majd, minden nap ez\u00e9rt fogok dolgozni\u201d \u2013 nyilatkozta Varga. A v\u00e1logatottr\u00f3l \u00e9s Marco Rossir\u00f3l besz\u00e9lve elmondta, hogy \u201eRem\u00e9lem, tov\u00e1bbra is sz\u00e1molni fog velem, de ez m\u00e9g a j\u00f6v\u0151 k\u00e9rd\u00e9se, el\u0151sz\u00f6r a klubcsapatomban kell teljes\u00edtenem\u201d.&nbsp;<\/p>\n\n\n\n<p>Varga Kevin k\u00e9t \u00e9vvel ezel\u0151tt Debrecenb\u0151l szerz\u0151d\u00f6tt a Kasimpas\u00e1ba, amelyn\u00e9l 55 t\u00e9tmeccsen hat g\u00f3lt szerzett, \u00e9s n\u00e9gy g\u00f3lpasszt adott.<\/p>","protected":false},"excerpt":{"rendered":"<p>Varga Kevin k\u00e9t\u00e9ves szerz\u0151d\u00e9st \u00edr al\u00e1 \u00faj egy\u00fcttes\u00e9vel, a Hataysporral, mely az el\u0151z\u0151 ki\u00edr\u00e1sban a 12. helyen z\u00e1rt a h\u00faszcsapatos t\u00f6r\u00f6k bajnoks\u00e1gban. A 13-szoros v\u00e1logatott, tavaly ny\u00e1ron az Eb-n is szerepl\u0151 Varga Kevin tavasszal a sv\u00e1jci Young Boysn\u00e1l futballozott k\u00f6lcs\u00f6nben, k\u00f6lcs\u00f6nszerz\u0151d\u00e9se lej\u00e1rt\u00e1val visszat\u00e9rt a Kasimpas\u00e1hoz, de mivel a t\u00f6r\u00f6k klub szerz\u0151d\u00e9st szegett vele szemben, egyoldal\u00faan [&hellip;]<\/p>","protected":false},"author":4,"featured_media":836,"comment_status":"open","ping_status":"open","sticky":false,"template":"","format":"standard","meta":{"_et_pb_use_builder":"off","_et_pb_old_content":"","_et_gb_content_width":"","footnotes":""},"categories":[1],"tags":[],"yoast_head":"<!-- This site is optimized with the Yoast SEO plugin v23.1 - https:\/\/yoast.com\/wordpress\/plugins\/seo\/ -->\n<title>Varga Kevin k\u00e9t\u00e9ves szerz\u0151d\u00e9st \u00edr al\u00e1 \u00faj egy\u00fcttes\u00e9vel, a Hataysporral. - F-group<\/title>\n<meta name=\"robots\" content=\"index, follow, max-snippet:-1, max-image-preview:large, max-video-preview:-1\" \/>\n<link rel=\"canonical\" href=\"https:\/\/www.f-group.hu\/hu\/2022\/08\/03\/varga-kevin-keteves-szerzodest-ir-ala-uj-egyuttesevel-a-hataysporral\/\" \/>\n<meta property=\"og:locale\" content=\"hu_HU\" \/>\n<meta property=\"og:type\" content=\"article\" \/>\n<meta property=\"og:title\" content=\"Varga Kevin k\u00e9t\u00e9ves szerz\u0151d\u00e9st \u00edr al\u00e1 \u00faj egy\u00fcttes\u00e9vel, a Hataysporral. - F-group\" \/>\n<meta property=\"og:description\" content=\"Varga Kevin k\u00e9t\u00e9ves szerz\u0151d\u00e9st \u00edr al\u00e1 \u00faj egy\u00fcttes\u00e9vel, a Hataysporral, mely az el\u0151z\u0151 ki\u00edr\u00e1sban a 12. helyen z\u00e1rt a h\u00faszcsapatos t\u00f6r\u00f6k bajnoks\u00e1gban. A 13-szoros v\u00e1logatott, tavaly ny\u00e1ron az Eb-n is szerepl\u0151 Varga Kevin tavasszal a sv\u00e1jci Young Boysn\u00e1l futballozott k\u00f6lcs\u00f6nben, k\u00f6lcs\u00f6nszerz\u0151d\u00e9se lej\u00e1rt\u00e1val visszat\u00e9rt a Kasimpas\u00e1hoz, de mivel a t\u00f6r\u00f6k klub szerz\u0151d\u00e9st szegett vele szemben, egyoldal\u00faan [&hellip;]\" \/>\n<meta property=\"og:url\" content=\"https:\/\/www.f-group.hu\/hu\/2022\/08\/03\/varga-kevin-keteves-szerzodest-ir-ala-uj-egyuttesevel-a-hataysporral\/\" \/>\n<meta property=\"og:site_name\" content=\"F-group\" \/>\n<meta property=\"article:published_time\" content=\"2022-08-03T10:25:32+00:00\" \/>\n<meta property=\"og:image\" content=\"https:\/\/www.f-group.hu\/wp-content\/uploads\/2022\/08\/varga-kevin-hir.jpg\" \/>\n\t<meta property=\"og:image:width\" content=\"767\" \/>\n\t<meta property=\"og:image:height\" content=\"754\" \/>\n\t<meta property=\"og:image:type\" content=\"image\/jpeg\" \/>\n<meta name=\"author\" content=\"garanddesign\" \/>\n<meta name=\"twitter:card\" content=\"summary_large_image\" \/>\n<meta name=\"twitter:label1\" content=\"Szerz\u0151:\" \/>\n\t<meta name=\"twitter:data1\" content=\"garanddesign\" \/>\n\t<meta name=\"twitter:label2\" content=\"Becs\u00fclt olvas\u00e1si id\u0151\" \/>\n\t<meta name=\"twitter:data2\" content=\"1 perc\" \/>\n<script type=\"application\/ld+json\" class=\"yoast-schema-graph\">{\"@context\":\"https:\/\/schema.org\",\"@graph\":[{\"@type\":\"WebPage\",\"@id\":\"https:\/\/www.f-group.hu\/hu\/2022\/08\/03\/varga-kevin-keteves-szerzodest-ir-ala-uj-egyuttesevel-a-hataysporral\/\",\"url\":\"https:\/\/www.f-group.hu\/hu\/2022\/08\/03\/varga-kevin-keteves-szerzodest-ir-ala-uj-egyuttesevel-a-hataysporral\/\",\"name\":\"Varga Kevin k\u00e9t\u00e9ves szerz\u0151d\u00e9st \u00edr al\u00e1 \u00faj egy\u00fcttes\u00e9vel, a Hataysporral. - F-group\",\"isPartOf\":{\"@id\":\"https:\/\/www.f-group.hu\/#website\"},\"primaryImageOfPage\":{\"@id\":\"https:\/\/www.f-group.hu\/hu\/2022\/08\/03\/varga-kevin-keteves-szerzodest-ir-ala-uj-egyuttesevel-a-hataysporral\/#primaryimage\"},\"image\":{\"@id\":\"https:\/\/www.f-group.hu\/hu\/2022\/08\/03\/varga-kevin-keteves-szerzodest-ir-ala-uj-egyuttesevel-a-hataysporral\/#primaryimage\"},\"thumbnailUrl\":\"https:\/\/f-group.hu\/wp-content\/uploads\/2022\/08\/varga-kevin-hir.jpg\",\"datePublished\":\"2022-08-03T10:25:32+00:00\",\"dateModified\":\"2022-08-03T10:25:32+00:00\",\"author\":{\"@id\":\"https:\/\/www.f-group.hu\/#\/schema\/person\/d9e3f0aad33bb45b1f4a26abaddeb3c6\"},\"breadcrumb\":{\"@id\":\"https:\/\/www.f-group.hu\/hu\/2022\/08\/03\/varga-kevin-keteves-szerzodest-ir-ala-uj-egyuttesevel-a-hataysporral\/#breadcrumb\"},\"inLanguage\":\"hu\",\"potentialAction\":[{\"@type\":\"ReadAction\",\"target\":[\"https:\/\/www.f-group.hu\/hu\/2022\/08\/03\/varga-kevin-keteves-szerzodest-ir-ala-uj-egyuttesevel-a-hataysporral\/\"]}]},{\"@type\":\"ImageObject\",\"inLanguage\":\"hu\",\"@id\":\"https:\/\/www.f-group.hu\/hu\/2022\/08\/03\/varga-kevin-keteves-szerzodest-ir-ala-uj-egyuttesevel-a-hataysporral\/#primaryimage\",\"url\":\"https:\/\/f-group.hu\/wp-content\/uploads\/2022\/08\/varga-kevin-hir.jpg\",\"contentUrl\":\"https:\/\/f-group.hu\/wp-content\/uploads\/2022\/08\/varga-kevin-hir.jpg\",\"width\":767,\"height\":754,\"caption\":\"varga-kevin-hir\"},{\"@type\":\"BreadcrumbList\",\"@id\":\"https:\/\/www.f-group.hu\/hu\/2022\/08\/03\/varga-kevin-keteves-szerzodest-ir-ala-uj-egyuttesevel-a-hataysporral\/#breadcrumb\",\"itemListElement\":[{\"@type\":\"ListItem\",\"position\":1,\"name\":\"Home\",\"item\":\"https:\/\/f-group.hu\/\"},{\"@type\":\"ListItem\",\"position\":2,\"name\":\"Varga Kevin k\u00e9t\u00e9ves szerz\u0151d\u00e9st \u00edr al\u00e1 \u00faj egy\u00fcttes\u00e9vel, a Hataysporral.\"}]},{\"@type\":\"WebSite\",\"@id\":\"https:\/\/www.f-group.hu\/#website\",\"url\":\"https:\/\/www.f-group.hu\/\",\"name\":\"F-group\",\"description\":\"Professzion\u00e1lis j\u00e1t\u00e9kosmenedzsment\",\"potentialAction\":[{\"@type\":\"SearchAction\",\"target\":{\"@type\":\"EntryPoint\",\"urlTemplate\":\"https:\/\/www.f-group.hu\/?s={search_term_string}\"},\"query-input\":\"required name=search_term_string\"}],\"inLanguage\":\"hu\"},{\"@type\":\"Person\",\"@id\":\"https:\/\/www.f-group.hu\/#\/schema\/person\/d9e3f0aad33bb45b1f4a26abaddeb3c6\",\"name\":\"garanddesign\",\"image\":{\"@type\":\"ImageObject\",\"inLanguage\":\"hu\",\"@id\":\"https:\/\/www.f-group.hu\/#\/schema\/person\/image\/\",\"url\":\"https:\/\/secure.gravatar.com\/avatar\/ffbf9dcf27b7adbe0a7e413d1c0aff22?s=96&d=mm&r=g\",\"contentUrl\":\"https:\/\/secure.gravatar.com\/avatar\/ffbf9dcf27b7adbe0a7e413d1c0aff22?s=96&d=mm&r=g\",\"caption\":\"garanddesign\"},\"url\":\"https:\/\/f-group.hu\/hu\/author\/garanddesign\/\"}]}<\/script>\n<!-- \/ Yoast SEO plugin. -->","yoast_head_json":{"title":"Varga Kevin k\u00e9t\u00e9ves szerz\u0151d\u00e9st \u00edr al\u00e1 \u00faj egy\u00fcttes\u00e9vel, a Hataysporral. - F-group","robots":{"index":"index","follow":"follow","max-snippet":"max-snippet:-1","max-image-preview":"max-image-preview:large","max-video-preview":"max-video-preview:-1"},"canonical":"https:\/\/www.f-group.hu\/hu\/2022\/08\/03\/varga-kevin-keteves-szerzodest-ir-ala-uj-egyuttesevel-a-hataysporral\/","og_locale":"hu_HU","og_type":"article","og_title":"Varga Kevin k\u00e9t\u00e9ves szerz\u0151d\u00e9st \u00edr al\u00e1 \u00faj egy\u00fcttes\u00e9vel, a Hataysporral. - F-group","og_description":"Varga Kevin k\u00e9t\u00e9ves szerz\u0151d\u00e9st \u00edr al\u00e1 \u00faj egy\u00fcttes\u00e9vel, a Hataysporral, mely az el\u0151z\u0151 ki\u00edr\u00e1sban a 12. helyen z\u00e1rt a h\u00faszcsapatos t\u00f6r\u00f6k bajnoks\u00e1gban. A 13-szoros v\u00e1logatott, tavaly ny\u00e1ron az Eb-n is szerepl\u0151 Varga Kevin tavasszal a sv\u00e1jci Young Boysn\u00e1l futballozott k\u00f6lcs\u00f6nben, k\u00f6lcs\u00f6nszerz\u0151d\u00e9se lej\u00e1rt\u00e1val visszat\u00e9rt a Kasimpas\u00e1hoz, de mivel a t\u00f6r\u00f6k klub szerz\u0151d\u00e9st szegett vele szemben, egyoldal\u00faan [&hellip;]","og_url":"https:\/\/www.f-group.hu\/hu\/2022\/08\/03\/varga-kevin-keteves-szerzodest-ir-ala-uj-egyuttesevel-a-hataysporral\/","og_site_name":"F-group","article_published_time":"2022-08-03T10:25:32+00:00","og_image":[{"width":767,"height":754,"url":"https:\/\/www.f-group.hu\/wp-content\/uploads\/2022\/08\/varga-kevin-hir.jpg","type":"image\/jpeg"}],"author":"garanddesign","twitter_card":"summary_large_image","twitter_misc":{"Szerz\u0151:":"garanddesign","Becs\u00fclt olvas\u00e1si id\u0151":"1 perc"},"schema":{"@context":"https:\/\/schema.org","@graph":[{"@type":"WebPage","@id":"https:\/\/www.f-group.hu\/hu\/2022\/08\/03\/varga-kevin-keteves-szerzodest-ir-ala-uj-egyuttesevel-a-hataysporral\/","url":"https:\/\/www.f-group.hu\/hu\/2022\/08\/03\/varga-kevin-keteves-szerzodest-ir-ala-uj-egyuttesevel-a-hataysporral\/","name":"Varga Kevin k\u00e9t\u00e9ves szerz\u0151d\u00e9st \u00edr al\u00e1 \u00faj egy\u00fcttes\u00e9vel, a Hataysporral. - F-group","isPartOf":{"@id":"https:\/\/www.f-group.hu\/#website"},"primaryImageOfPage":{"@id":"https:\/\/www.f-group.hu\/hu\/2022\/08\/03\/varga-kevin-keteves-szerzodest-ir-ala-uj-egyuttesevel-a-hataysporral\/#primaryimage"},"image":{"@id":"https:\/\/www.f-group.hu\/hu\/2022\/08\/03\/varga-kevin-keteves-szerzodest-ir-ala-uj-egyuttesevel-a-hataysporral\/#primaryimage"},"thumbnailUrl":"https:\/\/f-group.hu\/wp-content\/uploads\/2022\/08\/varga-kevin-hir.jpg","datePublished":"2022-08-03T10:25:32+00:00","dateModified":"2022-08-03T10:25:32+00:00","author":{"@id":"https:\/\/www.f-group.hu\/#\/schema\/person\/d9e3f0aad33bb45b1f4a26abaddeb3c6"},"breadcrumb":{"@id":"https:\/\/www.f-group.hu\/hu\/2022\/08\/03\/varga-kevin-keteves-szerzodest-ir-ala-uj-egyuttesevel-a-hataysporral\/#breadcrumb"},"inLanguage":"hu","potentialAction":[{"@type":"ReadAction","target":["https:\/\/www.f-group.hu\/hu\/2022\/08\/03\/varga-kevin-keteves-szerzodest-ir-ala-uj-egyuttesevel-a-hataysporral\/"]}]},{"@type":"ImageObject","inLanguage":"hu","@id":"https:\/\/www.f-group.hu\/hu\/2022\/08\/03\/varga-kevin-keteves-szerzodest-ir-ala-uj-egyuttesevel-a-hataysporral\/#primaryimage","url":"https:\/\/f-group.hu\/wp-content\/uploads\/2022\/08\/varga-kevin-hir.jpg","contentUrl":"https:\/\/f-group.hu\/wp-content\/uploads\/2022\/08\/varga-kevin-hir.jpg","width":767,"height":754,"caption":"varga-kevin-hir"},{"@type":"BreadcrumbList","@id":"https:\/\/www.f-group.hu\/hu\/2022\/08\/03\/varga-kevin-keteves-szerzodest-ir-ala-uj-egyuttesevel-a-hataysporral\/#breadcrumb","itemListElement":[{"@type":"ListItem","position":1,"name":"Home","item":"https:\/\/f-group.hu\/"},{"@type":"ListItem","position":2,"name":"Varga Kevin k\u00e9t\u00e9ves szerz\u0151d\u00e9st \u00edr al\u00e1 \u00faj egy\u00fcttes\u00e9vel, a Hataysporral."}]},{"@type":"WebSite","@id":"https:\/\/www.f-group.hu\/#website","url":"https:\/\/www.f-group.hu\/","name":"F-group","description":"Professzion\u00e1lis j\u00e1t\u00e9kosmenedzsment","potentialAction":[{"@type":"SearchAction","target":{"@type":"EntryPoint","urlTemplate":"https:\/\/www.f-group.hu\/?s={search_term_string}"},"query-input":"required name=search_term_string"}],"inLanguage":"hu"},{"@type":"Person","@id":"https:\/\/www.f-group.hu\/#\/schema\/person\/d9e3f0aad33bb45b1f4a26abaddeb3c6","name":"garanddesign","image":{"@type":"ImageObject","inLanguage":"hu","@id":"https:\/\/www.f-group.hu\/#\/schema\/person\/image\/","url":"https:\/\/secure.gravatar.com\/avatar\/ffbf9dcf27b7adbe0a7e413d1c0aff22?s=96&d=mm&r=g","contentUrl":"https:\/\/secure.gravatar.com\/avatar\/ffbf9dcf27b7adbe0a7e413d1c0aff22?s=96&d=mm&r=g","caption":"garanddesign"},"url":"https:\/\/f-group.hu\/hu\/author\/garanddesign\/"}]}},"jetpack_featured_media_url":"https:\/\/f-group.hu\/wp-content\/uploads\/2022\/08\/varga-kevin-hir.jpg","_links":{"self":[{"href":"https:\/\/f-group.hu\/hu\/wp-json\/wp\/v2\/posts\/835"}],"collection":[{"href":"https:\/\/f-group.hu\/hu\/wp-json\/wp\/v2\/posts"}],"about":[{"href":"https:\/\/f-group.hu\/hu\/wp-json\/wp\/v2\/types\/post"}],"author":[{"embeddable":true,"href":"https:\/\/f-group.hu\/hu\/wp-json\/wp\/v2\/users\/4"}],"replies":[{"embeddable":true,"href":"https:\/\/f-group.hu\/hu\/wp-json\/wp\/v2\/comments?post=835"}],"version-history":[{"count":1,"href":"https:\/\/f-group.hu\/hu\/wp-json\/wp\/v2\/posts\/835\/revisions"}],"predecessor-version":[{"id":837,"href":"https:\/\/f-group.hu\/hu\/wp-json\/wp\/v2\/posts\/835\/revisions\/837"}],"wp:featuredmedia":[{"embeddable":true,"href":"https:\/\/f-group.hu\/hu\/wp-json\/wp\/v2\/media\/836"}],"wp:attachment":[{"href":"https:\/\/f-group.hu\/hu\/wp-json\/wp\/v2\/media?parent=835"}],"wp:term":[{"taxonomy":"category","embeddable":true,"href":"https:\/\/f-group.hu\/hu\/wp-json\/wp\/v2\/categories?post=835"},{"taxonomy":"post_tag","embeddable":true,"href":"https:\/\/f-group.hu\/hu\/wp-json\/wp\/v2\/tags?post=835"}],"curies":[{"name":"wp","href":"https:\/\/api.w.org\/{rel}","templated":true}]}}