{"id":865,"date":"2022-10-21T08:12:43","date_gmt":"2022-10-21T08:12:43","guid":{"rendered":"https:\/\/f-group.hu\/?p=865"},"modified":"2022-10-21T09:25:13","modified_gmt":"2022-10-21T09:25:13","slug":"jatekossors-nikolics-es-ugrai-is-torokorszagban-folytatja","status":"publish","type":"post","link":"https:\/\/f-group.hu\/hu\/2022\/10\/21\/jatekossors-nikolics-es-ugrai-is-torokorszagban-folytatja\/","title":{"rendered":"J\u00e1t\u00e9kossors: Nikolics \u00e9s Ugrai is T\u00f6r\u00f6korsz\u00e1gban folytatja"},"content":{"rendered":"<p><strong>A Mol Feh\u00e9rv\u00e1rt az el\u0151z\u0151 id\u00e9ny v\u00e9g\u00e9n elhagy\u00f3, 43-szoros v\u00e1logatott csat\u00e1r, Nikolics Nemanja a t\u00f6r\u00f6k m\u00e1sodoszt\u00e1ly \u00fajonc\u00e1n\u00e1l, a Pendiksporn\u00e1l folytatja p\u00e1lyafut\u00e1s\u00e1t \u2013\u00a0<\/strong>jelentette be<strong>\u00a0cs\u00fct\u00f6rt\u00f6k este a klub hivatalos Twitter-oldal\u00e1n. Nem sokkal k\u00e9s\u0151bb kider\u00fclt, a legut\u00f3bb a DVSC-ben futballoz\u00f3 Ugrai Roland is a csapat j\u00e1t\u00e9kosa lesz \u2013 ezt a labdar\u00fag\u00f3k menedzsere, Filipovics Vladan \u00e1rulta el a Nemzeti Sportnak.<\/strong><\/p>\n\n\n\n<p>Az 1950-ben alap\u00edtott Pendikspor sz\u00e9khelye Isztambul \u00e1zsiai ter\u00fclet\u00e9n tal\u00e1lhat\u00f3 egyik k\u00f6rzete, Pendik. A csapat m\u00e9rk\u0151z\u00e9seit egy 2500 n\u00e9z\u0151 befogad\u00e1s\u00e1ra alkalmas stadionban j\u00e1tssza. A klub m\u00e9g sohasem szerepelt az \u00e9lvonalban, de a m\u00e1sodoszt\u00e1lyban \u2013 ahova most t\u00e9rt vissza \u2013 sem t\u00f6lt\u00f6tt m\u00e9g el sok esztend\u0151t.<\/p>\n\n\n\n<p>A Pendiksporban&nbsp;<strong>Nikolics Nemanja&nbsp;<\/strong>csapatt\u00e1rsa lesz a kor\u00e1bban Kaposv\u00e1ron \u00e9s az MTK-ban is futballoz\u00f3 szeneg\u00e1li-magyar&nbsp;<strong>Khaly Thiam,&nbsp;<\/strong>valamint a legut\u00f3bb Debrecenben futballoz\u00f3&nbsp;<strong>Ugrai Roland<\/strong>&nbsp;is.<\/p>\n\n\n\n<p><em>\u201eH\u00e9tf\u0151n rep\u00fcltem Isztambulba Rolanddal, akit nagyon szeretett volna szerz\u0151dtetni a klub<\/em>&nbsp;\u2013 mondta a Nemzeti Sportnak a k\u00e9t j\u00e1t\u00e9kos menedzsere,&nbsp;<strong>Filipovics Vladan.<\/strong>&nbsp;<em>\u2013 Ezt mi sem bizony\u00edtja jobban. mint hogy az \u0151 posztj\u00e1ra tizen\u00f6t j\u00e1t\u00e9kost n\u00e9ztek meg, de a v\u00e1laszt\u00e1s r\u00e1 esett! K\u00f6zben a Pendikspor vezet\u0151i er\u0151teljesen \u00e9rdekl\u0151dtek Nikolics Nemanja ir\u00e1nt is, akinek a szerz\u0151dtet\u00e9s\u00e9t szint\u00e9n nagyon akart\u00e1k. Az egy\u00e9bk\u00e9nt m\u00e1s t\u00f6r\u00f6k csapat \u00e1ltal is cs\u00e1b\u00edtott Niko szerd\u00e1n j\u00f6tt ut\u00e1nunk, egyhamar meggy\u0151z\u0151dt\u00fcnk arr\u00f3l, hogy, b\u00e1r a harmadoszt\u00e1lyb\u00f3l jutott fel a klub, a k\u00f6r\u00fclm\u00e9nyek profik, a c\u00e9lok jelent\u0151sek. Gyorsan ment minden, cs\u00fct\u00f6rt\u00f6k\u00f6n meg is sz\u00fcletett a meg\u00e1llapod\u00e1s. \u00dagy gondolom, mindk\u00e9t futballista j\u00f3 helyre ker\u00fclt, de m\u00e9g fontosabb, hogy \u0151k is \u00edgy gondolj\u00e1k!\u201d<\/em><a href=\"https:\/\/www.nemzetisport.hu\/labdarugo_nb_i\/mol-fehervar-fc-nikolics-nemanja-tavozik-hivatalos-2897027\" target=\"_blank\" rel=\"noreferrer noopener\"><\/a><\/p>\n\n\n\n<p>Mint ismert,\u00a0a 2021\u20132022-es id\u00e9ny v\u00e9g\u00e9n a Mol Feh\u00e9rv\u00e1r FC\u00a0nem marasztalta Nikolics Nemanj\u00e1t,\u00a0aki 2010 \u00e9s 2015, majd 2020 \u00e9s 2022 k\u00f6z\u00f6tt 314 t\u00e9tm\u00e9rk\u0151z\u00e9sen 164 g\u00f3lt szerzett a feh\u00e9rv\u00e1riakn\u00e1l. A 34 \u00e9ves csat\u00e1r k\u00e9t bajnoki c\u00edmet nyert az egy\u00fcttessel, h\u00e1romszor lett g\u00f3lkir\u00e1ly az NB I-ben a Vidi j\u00e1t\u00e9kosak\u00e9nt. A klub t\u00f6rt\u00e9net\u00e9nek legeredm\u00e9nyesebb g\u00f3lszerz\u0151je 117 bajnoki g\u00f3llal.<\/p>\n\n\n\n<p>A 43-szoros v\u00e1logatott Nikolics \u2013 aki legut\u00f3bb 2021 december\u00e9ben, az angol v\u00e1logatott ellen l\u00e9pett p\u00e1ly\u00e1ra meggypiros mezben \u2013 kor\u00e1bban j\u00e1tszott Lengyelorsz\u00e1gban (2015\u20132017), valamint az Egyes\u00fclt \u00c1llamokban (2017\u20132019), \u00e9s bajnoki g\u00f3lkir\u00e1ly lett a vars\u00f3i Legia \u00e9s a Chicago Fire futballist\u00e1jak\u00e9nt is.<\/p>","protected":false},"excerpt":{"rendered":"<p>A Mol Feh\u00e9rv\u00e1rt az el\u0151z\u0151 id\u00e9ny v\u00e9g\u00e9n elhagy\u00f3, 43-szoros v\u00e1logatott csat\u00e1r, Nikolics Nemanja a t\u00f6r\u00f6k m\u00e1sodoszt\u00e1ly \u00fajonc\u00e1n\u00e1l, a Pendiksporn\u00e1l folytatja p\u00e1lyafut\u00e1s\u00e1t \u2013\u00a0jelentette be\u00a0cs\u00fct\u00f6rt\u00f6k este a klub hivatalos Twitter-oldal\u00e1n. Nem sokkal k\u00e9s\u0151bb kider\u00fclt, a legut\u00f3bb a DVSC-ben futballoz\u00f3 Ugrai Roland is a csapat j\u00e1t\u00e9kosa lesz \u2013 ezt a labdar\u00fag\u00f3k menedzsere, Filipovics Vladan \u00e1rulta el a Nemzeti [&hellip;]<\/p>","protected":false},"author":4,"featured_media":866,"comment_status":"open","ping_status":"open","sticky":false,"template":"","format":"standard","meta":{"_et_pb_use_builder":"off","_et_pb_old_content":"","_et_gb_content_width":"","footnotes":""},"categories":[1],"tags":[],"yoast_head":"<!-- This site is optimized with the Yoast SEO plugin v23.1 - https:\/\/yoast.com\/wordpress\/plugins\/seo\/ -->\n<title>J\u00e1t\u00e9kossors: Nikolics \u00e9s Ugrai is T\u00f6r\u00f6korsz\u00e1gban folytatja - F-group<\/title>\n<meta name=\"robots\" content=\"index, follow, max-snippet:-1, max-image-preview:large, max-video-preview:-1\" \/>\n<link rel=\"canonical\" href=\"https:\/\/f-group.hu\/hu\/2022\/10\/21\/jatekossors-nikolics-es-ugrai-is-torokorszagban-folytatja\/\" \/>\n<meta property=\"og:locale\" content=\"hu_HU\" \/>\n<meta property=\"og:type\" content=\"article\" \/>\n<meta property=\"og:title\" content=\"J\u00e1t\u00e9kossors: Nikolics \u00e9s Ugrai is T\u00f6r\u00f6korsz\u00e1gban folytatja - F-group\" \/>\n<meta property=\"og:description\" content=\"A Mol Feh\u00e9rv\u00e1rt az el\u0151z\u0151 id\u00e9ny v\u00e9g\u00e9n elhagy\u00f3, 43-szoros v\u00e1logatott csat\u00e1r, Nikolics Nemanja a t\u00f6r\u00f6k m\u00e1sodoszt\u00e1ly \u00fajonc\u00e1n\u00e1l, a Pendiksporn\u00e1l folytatja p\u00e1lyafut\u00e1s\u00e1t \u2013\u00a0jelentette be\u00a0cs\u00fct\u00f6rt\u00f6k este a klub hivatalos Twitter-oldal\u00e1n. Nem sokkal k\u00e9s\u0151bb kider\u00fclt, a legut\u00f3bb a DVSC-ben futballoz\u00f3 Ugrai Roland is a csapat j\u00e1t\u00e9kosa lesz \u2013 ezt a labdar\u00fag\u00f3k menedzsere, Filipovics Vladan \u00e1rulta el a Nemzeti [&hellip;]\" \/>\n<meta property=\"og:url\" content=\"https:\/\/f-group.hu\/hu\/2022\/10\/21\/jatekossors-nikolics-es-ugrai-is-torokorszagban-folytatja\/\" \/>\n<meta property=\"og:site_name\" content=\"F-group\" \/>\n<meta property=\"article:published_time\" content=\"2022-10-21T08:12:43+00:00\" \/>\n<meta property=\"article:modified_time\" content=\"2022-10-21T09:25:13+00:00\" \/>\n<meta property=\"og:image\" content=\"https:\/\/f-group.hu\/wp-content\/uploads\/2022\/10\/FZ5bWyNWQAI_OP8_1_960px.jpg\" \/>\n\t<meta property=\"og:image:width\" content=\"960\" \/>\n\t<meta property=\"og:image:height\" content=\"720\" \/>\n\t<meta property=\"og:image:type\" content=\"image\/jpeg\" \/>\n<meta name=\"author\" content=\"garanddesign\" \/>\n<meta name=\"twitter:card\" content=\"summary_large_image\" \/>\n<meta name=\"twitter:label1\" content=\"Szerz\u0151:\" \/>\n\t<meta name=\"twitter:data1\" content=\"garanddesign\" \/>\n\t<meta name=\"twitter:label2\" content=\"Becs\u00fclt olvas\u00e1si id\u0151\" \/>\n\t<meta name=\"twitter:data2\" content=\"2 perc\" \/>\n<script type=\"application\/ld+json\" class=\"yoast-schema-graph\">{\"@context\":\"https:\/\/schema.org\",\"@graph\":[{\"@type\":\"WebPage\",\"@id\":\"https:\/\/f-group.hu\/hu\/2022\/10\/21\/jatekossors-nikolics-es-ugrai-is-torokorszagban-folytatja\/\",\"url\":\"https:\/\/f-group.hu\/hu\/2022\/10\/21\/jatekossors-nikolics-es-ugrai-is-torokorszagban-folytatja\/\",\"name\":\"J\u00e1t\u00e9kossors: Nikolics \u00e9s Ugrai is T\u00f6r\u00f6korsz\u00e1gban folytatja - F-group\",\"isPartOf\":{\"@id\":\"https:\/\/www.f-group.hu\/#website\"},\"primaryImageOfPage\":{\"@id\":\"https:\/\/f-group.hu\/hu\/2022\/10\/21\/jatekossors-nikolics-es-ugrai-is-torokorszagban-folytatja\/#primaryimage\"},\"image\":{\"@id\":\"https:\/\/f-group.hu\/hu\/2022\/10\/21\/jatekossors-nikolics-es-ugrai-is-torokorszagban-folytatja\/#primaryimage\"},\"thumbnailUrl\":\"https:\/\/f-group.hu\/wp-content\/uploads\/2022\/10\/FZ5bWyNWQAI_OP8_1_960px.jpg\",\"datePublished\":\"2022-10-21T08:12:43+00:00\",\"dateModified\":\"2022-10-21T09:25:13+00:00\",\"author\":{\"@id\":\"https:\/\/www.f-group.hu\/#\/schema\/person\/d9e3f0aad33bb45b1f4a26abaddeb3c6\"},\"breadcrumb\":{\"@id\":\"https:\/\/f-group.hu\/hu\/2022\/10\/21\/jatekossors-nikolics-es-ugrai-is-torokorszagban-folytatja\/#breadcrumb\"},\"inLanguage\":\"hu\",\"potentialAction\":[{\"@type\":\"ReadAction\",\"target\":[\"https:\/\/f-group.hu\/hu\/2022\/10\/21\/jatekossors-nikolics-es-ugrai-is-torokorszagban-folytatja\/\"]}]},{\"@type\":\"ImageObject\",\"inLanguage\":\"hu\",\"@id\":\"https:\/\/f-group.hu\/hu\/2022\/10\/21\/jatekossors-nikolics-es-ugrai-is-torokorszagban-folytatja\/#primaryimage\",\"url\":\"https:\/\/f-group.hu\/wp-content\/uploads\/2022\/10\/FZ5bWyNWQAI_OP8_1_960px.jpg\",\"contentUrl\":\"https:\/\/f-group.hu\/wp-content\/uploads\/2022\/10\/FZ5bWyNWQAI_OP8_1_960px.jpg\",\"width\":960,\"height\":720,\"caption\":\"nikolic-torok\"},{\"@type\":\"BreadcrumbList\",\"@id\":\"https:\/\/f-group.hu\/hu\/2022\/10\/21\/jatekossors-nikolics-es-ugrai-is-torokorszagban-folytatja\/#breadcrumb\",\"itemListElement\":[{\"@type\":\"ListItem\",\"position\":1,\"name\":\"Home\",\"item\":\"https:\/\/f-group.hu\/\"},{\"@type\":\"ListItem\",\"position\":2,\"name\":\"J\u00e1t\u00e9kossors: Nikolics \u00e9s Ugrai is T\u00f6r\u00f6korsz\u00e1gban folytatja\"}]},{\"@type\":\"WebSite\",\"@id\":\"https:\/\/www.f-group.hu\/#website\",\"url\":\"https:\/\/www.f-group.hu\/\",\"name\":\"F-group\",\"description\":\"Professzion\u00e1lis j\u00e1t\u00e9kosmenedzsment\",\"potentialAction\":[{\"@type\":\"SearchAction\",\"target\":{\"@type\":\"EntryPoint\",\"urlTemplate\":\"https:\/\/www.f-group.hu\/?s={search_term_string}\"},\"query-input\":\"required name=search_term_string\"}],\"inLanguage\":\"hu\"},{\"@type\":\"Person\",\"@id\":\"https:\/\/www.f-group.hu\/#\/schema\/person\/d9e3f0aad33bb45b1f4a26abaddeb3c6\",\"name\":\"garanddesign\",\"image\":{\"@type\":\"ImageObject\",\"inLanguage\":\"hu\",\"@id\":\"https:\/\/www.f-group.hu\/#\/schema\/person\/image\/\",\"url\":\"https:\/\/secure.gravatar.com\/avatar\/ffbf9dcf27b7adbe0a7e413d1c0aff22?s=96&d=mm&r=g\",\"contentUrl\":\"https:\/\/secure.gravatar.com\/avatar\/ffbf9dcf27b7adbe0a7e413d1c0aff22?s=96&d=mm&r=g\",\"caption\":\"garanddesign\"},\"url\":\"https:\/\/f-group.hu\/hu\/author\/garanddesign\/\"}]}<\/script>\n<!-- \/ Yoast SEO plugin. -->","yoast_head_json":{"title":"J\u00e1t\u00e9kossors: Nikolics \u00e9s Ugrai is T\u00f6r\u00f6korsz\u00e1gban folytatja - F-group","robots":{"index":"index","follow":"follow","max-snippet":"max-snippet:-1","max-image-preview":"max-image-preview:large","max-video-preview":"max-video-preview:-1"},"canonical":"https:\/\/f-group.hu\/hu\/2022\/10\/21\/jatekossors-nikolics-es-ugrai-is-torokorszagban-folytatja\/","og_locale":"hu_HU","og_type":"article","og_title":"J\u00e1t\u00e9kossors: Nikolics \u00e9s Ugrai is T\u00f6r\u00f6korsz\u00e1gban folytatja - F-group","og_description":"A Mol Feh\u00e9rv\u00e1rt az el\u0151z\u0151 id\u00e9ny v\u00e9g\u00e9n elhagy\u00f3, 43-szoros v\u00e1logatott csat\u00e1r, Nikolics Nemanja a t\u00f6r\u00f6k m\u00e1sodoszt\u00e1ly \u00fajonc\u00e1n\u00e1l, a Pendiksporn\u00e1l folytatja p\u00e1lyafut\u00e1s\u00e1t \u2013\u00a0jelentette be\u00a0cs\u00fct\u00f6rt\u00f6k este a klub hivatalos Twitter-oldal\u00e1n. Nem sokkal k\u00e9s\u0151bb kider\u00fclt, a legut\u00f3bb a DVSC-ben futballoz\u00f3 Ugrai Roland is a csapat j\u00e1t\u00e9kosa lesz \u2013 ezt a labdar\u00fag\u00f3k menedzsere, Filipovics Vladan \u00e1rulta el a Nemzeti [&hellip;]","og_url":"https:\/\/f-group.hu\/hu\/2022\/10\/21\/jatekossors-nikolics-es-ugrai-is-torokorszagban-folytatja\/","og_site_name":"F-group","article_published_time":"2022-10-21T08:12:43+00:00","article_modified_time":"2022-10-21T09:25:13+00:00","og_image":[{"width":960,"height":720,"url":"https:\/\/f-group.hu\/wp-content\/uploads\/2022\/10\/FZ5bWyNWQAI_OP8_1_960px.jpg","type":"image\/jpeg"}],"author":"garanddesign","twitter_card":"summary_large_image","twitter_misc":{"Szerz\u0151:":"garanddesign","Becs\u00fclt olvas\u00e1si id\u0151":"2 perc"},"schema":{"@context":"https:\/\/schema.org","@graph":[{"@type":"WebPage","@id":"https:\/\/f-group.hu\/hu\/2022\/10\/21\/jatekossors-nikolics-es-ugrai-is-torokorszagban-folytatja\/","url":"https:\/\/f-group.hu\/hu\/2022\/10\/21\/jatekossors-nikolics-es-ugrai-is-torokorszagban-folytatja\/","name":"J\u00e1t\u00e9kossors: Nikolics \u00e9s Ugrai is T\u00f6r\u00f6korsz\u00e1gban folytatja - F-group","isPartOf":{"@id":"https:\/\/www.f-group.hu\/#website"},"primaryImageOfPage":{"@id":"https:\/\/f-group.hu\/hu\/2022\/10\/21\/jatekossors-nikolics-es-ugrai-is-torokorszagban-folytatja\/#primaryimage"},"image":{"@id":"https:\/\/f-group.hu\/hu\/2022\/10\/21\/jatekossors-nikolics-es-ugrai-is-torokorszagban-folytatja\/#primaryimage"},"thumbnailUrl":"https:\/\/f-group.hu\/wp-content\/uploads\/2022\/10\/FZ5bWyNWQAI_OP8_1_960px.jpg","datePublished":"2022-10-21T08:12:43+00:00","dateModified":"2022-10-21T09:25:13+00:00","author":{"@id":"https:\/\/www.f-group.hu\/#\/schema\/person\/d9e3f0aad33bb45b1f4a26abaddeb3c6"},"breadcrumb":{"@id":"https:\/\/f-group.hu\/hu\/2022\/10\/21\/jatekossors-nikolics-es-ugrai-is-torokorszagban-folytatja\/#breadcrumb"},"inLanguage":"hu","potentialAction":[{"@type":"ReadAction","target":["https:\/\/f-group.hu\/hu\/2022\/10\/21\/jatekossors-nikolics-es-ugrai-is-torokorszagban-folytatja\/"]}]},{"@type":"ImageObject","inLanguage":"hu","@id":"https:\/\/f-group.hu\/hu\/2022\/10\/21\/jatekossors-nikolics-es-ugrai-is-torokorszagban-folytatja\/#primaryimage","url":"https:\/\/f-group.hu\/wp-content\/uploads\/2022\/10\/FZ5bWyNWQAI_OP8_1_960px.jpg","contentUrl":"https:\/\/f-group.hu\/wp-content\/uploads\/2022\/10\/FZ5bWyNWQAI_OP8_1_960px.jpg","width":960,"height":720,"caption":"nikolic-torok"},{"@type":"BreadcrumbList","@id":"https:\/\/f-group.hu\/hu\/2022\/10\/21\/jatekossors-nikolics-es-ugrai-is-torokorszagban-folytatja\/#breadcrumb","itemListElement":[{"@type":"ListItem","position":1,"name":"Home","item":"https:\/\/f-group.hu\/"},{"@type":"ListItem","position":2,"name":"J\u00e1t\u00e9kossors: Nikolics \u00e9s Ugrai is T\u00f6r\u00f6korsz\u00e1gban folytatja"}]},{"@type":"WebSite","@id":"https:\/\/www.f-group.hu\/#website","url":"https:\/\/www.f-group.hu\/","name":"F-group","description":"Professzion\u00e1lis j\u00e1t\u00e9kosmenedzsment","potentialAction":[{"@type":"SearchAction","target":{"@type":"EntryPoint","urlTemplate":"https:\/\/www.f-group.hu\/?s={search_term_string}"},"query-input":"required name=search_term_string"}],"inLanguage":"hu"},{"@type":"Person","@id":"https:\/\/www.f-group.hu\/#\/schema\/person\/d9e3f0aad33bb45b1f4a26abaddeb3c6","name":"garanddesign","image":{"@type":"ImageObject","inLanguage":"hu","@id":"https:\/\/www.f-group.hu\/#\/schema\/person\/image\/","url":"https:\/\/secure.gravatar.com\/avatar\/ffbf9dcf27b7adbe0a7e413d1c0aff22?s=96&d=mm&r=g","contentUrl":"https:\/\/secure.gravatar.com\/avatar\/ffbf9dcf27b7adbe0a7e413d1c0aff22?s=96&d=mm&r=g","caption":"garanddesign"},"url":"https:\/\/f-group.hu\/hu\/author\/garanddesign\/"}]}},"jetpack_featured_media_url":"https:\/\/f-group.hu\/wp-content\/uploads\/2022\/10\/FZ5bWyNWQAI_OP8_1_960px.jpg","_links":{"self":[{"href":"https:\/\/f-group.hu\/hu\/wp-json\/wp\/v2\/posts\/865"}],"collection":[{"href":"https:\/\/f-group.hu\/hu\/wp-json\/wp\/v2\/posts"}],"about":[{"href":"https:\/\/f-group.hu\/hu\/wp-json\/wp\/v2\/types\/post"}],"author":[{"embeddable":true,"href":"https:\/\/f-group.hu\/hu\/wp-json\/wp\/v2\/users\/4"}],"replies":[{"embeddable":true,"href":"https:\/\/f-group.hu\/hu\/wp-json\/wp\/v2\/comments?post=865"}],"version-history":[{"count":1,"href":"https:\/\/f-group.hu\/hu\/wp-json\/wp\/v2\/posts\/865\/revisions"}],"predecessor-version":[{"id":867,"href":"https:\/\/f-group.hu\/hu\/wp-json\/wp\/v2\/posts\/865\/revisions\/867"}],"wp:featuredmedia":[{"embeddable":true,"href":"https:\/\/f-group.hu\/hu\/wp-json\/wp\/v2\/media\/866"}],"wp:attachment":[{"href":"https:\/\/f-group.hu\/hu\/wp-json\/wp\/v2\/media?parent=865"}],"wp:term":[{"taxonomy":"category","embeddable":true,"href":"https:\/\/f-group.hu\/hu\/wp-json\/wp\/v2\/categories?post=865"},{"taxonomy":"post_tag","embeddable":true,"href":"https:\/\/f-group.hu\/hu\/wp-json\/wp\/v2\/tags?post=865"}],"curies":[{"name":"wp","href":"https:\/\/api.w.org\/{rel}","templated":true}]}}