{"id":868,"date":"2022-10-21T08:11:48","date_gmt":"2022-10-21T08:11:48","guid":{"rendered":"https:\/\/f-group.hu\/?p=868"},"modified":"2022-10-21T09:27:05","modified_gmt":"2022-10-21T09:27:05","slug":"nb-i-csoboth-kevin-ujpesten-folytatja-hivatalos","status":"publish","type":"post","link":"https:\/\/f-group.hu\/hu\/2022\/10\/21\/nb-i-csoboth-kevin-ujpesten-folytatja-hivatalos\/","title":{"rendered":"NB I: Csoboth Kevin \u00dajpesten folytatja \u2013 hivatalos"},"content":{"rendered":"<p><strong>Igaznak bizonyultak a Nemzeti Sport\u00a0<\/strong>\u00e9rtes\u00fcl\u00e9sei:<strong>\u00a0a labdar\u00fag\u00f3 NB I-ben szerepl\u0151 \u00dajpest FC a\u00a0<\/strong>hivatalos honlapj\u00e1n<strong>\u00a0jelentette be, hogy megszerezte a Mol Feh\u00e9rv\u00e1r FC ut\u00e1np\u00f3tl\u00e1s-v\u00e1logatott t\u00e1mad\u00f3j\u00e1t, Csoboth Kevint.<\/strong><\/p>\n\n\n\n<p>A p\u00e9csi sz\u00fclet\u00e9s\u0171, ut\u00e1np\u00f3tl\u00e1sszinten a F\u0151nix Gold FC-n\u00e9l, a Ferencv\u00e1rosn\u00e1l \u00e9s a Koz\u00e1rmislenyn\u00e9l pall\u00e9roz\u00f3d\u00f3&nbsp;<strong>Csoboth Kevin<\/strong>&nbsp;tehets\u00e9g\u00e9re m\u00e1r eg\u00e9szen fiatalon felfigyelt a portug\u00e1l Benfica, amely 2016-ban szerz\u0151dtette, s h\u00e1rom \u00e9vvel k\u00e9s\u0151bb m\u00e1r a B-csapatban is bemutatkozott.<\/p>\n\n\n\n<p>Csoboth 2021-ben d\u00f6nt\u00f6tt a hazat\u00e9r\u00e9s mellett, elfogadta a Mol Feh\u00e9rv\u00e1r FC aj\u00e1nlat\u00e1t, de az NB I el\u0151z\u0151 ki\u00edr\u00e1s\u00e1ban csak egyszer, a Ferencv\u00e1ros ellen l\u00e9pett p\u00e1ly\u00e1ra cserek\u00e9nt. K\u00f6lcs\u00f6nbe a m\u00e1sodoszt\u00e1ly\u00fa Szeged-Csan\u00e1d Grosics Akad\u00e9mi\u00e1hoz ker\u00fclt, s a Tisza-partiakn\u00e1l 14 tal\u00e1lkoz\u00f3n \u00f6t g\u00f3lig jutott, ami ut\u00e1n a ny\u00e1ron visszarendelte \u0151t a Fej\u00e9r megyei klub, de most elhagyja a sz\u00e9kesfeh\u00e9rv\u00e1riakat \u00e9s \u00dajpesten \u00e9p\u00edti tov\u00e1bb a karrierj\u00e9t.<\/p>\n\n\n\n<p><em>\u201eNagyon boldog vagyok, hogy az \u00dajpesthez igazolhattam, hiszen egy ilyen nagy m\u00falt\u00fa klubn\u00e1l megtiszteltet\u00e9s j\u00e1tszani&nbsp;<\/em>\u2013 kezdte a lila-feh\u00e9reknek adott interj\u00faj\u00e1t Csoboth Kevin. \u2013&nbsp;<em>\u00c9n erre \u00fagy tekintek, mint hatalmas el\u0151rel\u00e9p\u00e9sre a karrieremben. Szeretn\u00e9k a csapatban j\u00f3l szerepelni \u00e9s az\u00e9rt dolgozni, hogy az \u00e9lmez\u0151nyben v\u00e9gezz\u00fcnk, szem\u00e9lyes motiv\u00e1ci\u00f3m pedig, hogy min\u00e9l t\u00f6bbet tudjak p\u00e1ly\u00e1ra l\u00e9pni a szezon sor\u00e1n. Rem\u00e9lem, a szurkol\u00f3k is \u00f6r\u00f6mmel fogadnak \u00e9s min\u00e9l t\u00f6bben kil\u00e1togatnak a m\u00e9rk\u0151z\u00e9sekre, \u00e9n mindent meg fogok tenni ez\u00e9rt!\u201d<\/em><\/p>","protected":false},"excerpt":{"rendered":"<p>Igaznak bizonyultak a Nemzeti Sport\u00a0\u00e9rtes\u00fcl\u00e9sei:\u00a0a labdar\u00fag\u00f3 NB I-ben szerepl\u0151 \u00dajpest FC a\u00a0hivatalos honlapj\u00e1n\u00a0jelentette be, hogy megszerezte a Mol Feh\u00e9rv\u00e1r FC ut\u00e1np\u00f3tl\u00e1s-v\u00e1logatott t\u00e1mad\u00f3j\u00e1t, Csoboth Kevint. A p\u00e9csi sz\u00fclet\u00e9s\u0171, ut\u00e1np\u00f3tl\u00e1sszinten a F\u0151nix Gold FC-n\u00e9l, a Ferencv\u00e1rosn\u00e1l \u00e9s a Koz\u00e1rmislenyn\u00e9l pall\u00e9roz\u00f3d\u00f3&nbsp;Csoboth Kevin&nbsp;tehets\u00e9g\u00e9re m\u00e1r eg\u00e9szen fiatalon felfigyelt a portug\u00e1l Benfica, amely 2016-ban szerz\u0151dtette, s h\u00e1rom \u00e9vvel k\u00e9s\u0151bb m\u00e1r a [&hellip;]<\/p>","protected":false},"author":4,"featured_media":869,"comment_status":"open","ping_status":"open","sticky":false,"template":"","format":"standard","meta":{"_et_pb_use_builder":"off","_et_pb_old_content":"","_et_gb_content_width":"","footnotes":""},"categories":[1],"tags":[],"yoast_head":"<!-- This site is optimized with the Yoast SEO plugin v23.1 - https:\/\/yoast.com\/wordpress\/plugins\/seo\/ -->\n<title>NB I: Csoboth Kevin \u00dajpesten folytatja \u2013 hivatalos - F-group<\/title>\n<meta name=\"robots\" content=\"index, follow, max-snippet:-1, max-image-preview:large, max-video-preview:-1\" \/>\n<link rel=\"canonical\" href=\"https:\/\/www.f-group.hu\/hu\/2022\/10\/21\/nb-i-csoboth-kevin-ujpesten-folytatja-hivatalos\/\" \/>\n<meta property=\"og:locale\" content=\"hu_HU\" \/>\n<meta property=\"og:type\" content=\"article\" \/>\n<meta property=\"og:title\" content=\"NB I: Csoboth Kevin \u00dajpesten folytatja \u2013 hivatalos - F-group\" \/>\n<meta property=\"og:description\" content=\"Igaznak bizonyultak a Nemzeti Sport\u00a0\u00e9rtes\u00fcl\u00e9sei:\u00a0a labdar\u00fag\u00f3 NB I-ben szerepl\u0151 \u00dajpest FC a\u00a0hivatalos honlapj\u00e1n\u00a0jelentette be, hogy megszerezte a Mol Feh\u00e9rv\u00e1r FC ut\u00e1np\u00f3tl\u00e1s-v\u00e1logatott t\u00e1mad\u00f3j\u00e1t, Csoboth Kevint. A p\u00e9csi sz\u00fclet\u00e9s\u0171, ut\u00e1np\u00f3tl\u00e1sszinten a F\u0151nix Gold FC-n\u00e9l, a Ferencv\u00e1rosn\u00e1l \u00e9s a Koz\u00e1rmislenyn\u00e9l pall\u00e9roz\u00f3d\u00f3&nbsp;Csoboth Kevin&nbsp;tehets\u00e9g\u00e9re m\u00e1r eg\u00e9szen fiatalon felfigyelt a portug\u00e1l Benfica, amely 2016-ban szerz\u0151dtette, s h\u00e1rom \u00e9vvel k\u00e9s\u0151bb m\u00e1r a [&hellip;]\" \/>\n<meta property=\"og:url\" content=\"https:\/\/www.f-group.hu\/hu\/2022\/10\/21\/nb-i-csoboth-kevin-ujpesten-folytatja-hivatalos\/\" \/>\n<meta property=\"og:site_name\" content=\"F-group\" \/>\n<meta property=\"article:published_time\" content=\"2022-10-21T08:11:48+00:00\" \/>\n<meta property=\"article:modified_time\" content=\"2022-10-21T09:27:05+00:00\" \/>\n<meta property=\"og:image\" content=\"https:\/\/www.f-group.hu\/wp-content\/uploads\/2022\/10\/csoboth-igazolas.jpg\" \/>\n\t<meta property=\"og:image:width\" content=\"800\" \/>\n\t<meta property=\"og:image:height\" content=\"600\" \/>\n\t<meta property=\"og:image:type\" content=\"image\/jpeg\" \/>\n<meta name=\"author\" content=\"garanddesign\" \/>\n<meta name=\"twitter:card\" content=\"summary_large_image\" \/>\n<meta name=\"twitter:label1\" content=\"Szerz\u0151:\" \/>\n\t<meta name=\"twitter:data1\" content=\"garanddesign\" \/>\n\t<meta name=\"twitter:label2\" content=\"Becs\u00fclt olvas\u00e1si id\u0151\" \/>\n\t<meta name=\"twitter:data2\" content=\"1 perc\" \/>\n<script type=\"application\/ld+json\" class=\"yoast-schema-graph\">{\"@context\":\"https:\/\/schema.org\",\"@graph\":[{\"@type\":\"WebPage\",\"@id\":\"https:\/\/www.f-group.hu\/hu\/2022\/10\/21\/nb-i-csoboth-kevin-ujpesten-folytatja-hivatalos\/\",\"url\":\"https:\/\/www.f-group.hu\/hu\/2022\/10\/21\/nb-i-csoboth-kevin-ujpesten-folytatja-hivatalos\/\",\"name\":\"NB I: Csoboth Kevin \u00dajpesten folytatja \u2013 hivatalos - F-group\",\"isPartOf\":{\"@id\":\"https:\/\/www.f-group.hu\/#website\"},\"primaryImageOfPage\":{\"@id\":\"https:\/\/www.f-group.hu\/hu\/2022\/10\/21\/nb-i-csoboth-kevin-ujpesten-folytatja-hivatalos\/#primaryimage\"},\"image\":{\"@id\":\"https:\/\/www.f-group.hu\/hu\/2022\/10\/21\/nb-i-csoboth-kevin-ujpesten-folytatja-hivatalos\/#primaryimage\"},\"thumbnailUrl\":\"https:\/\/f-group.hu\/wp-content\/uploads\/2022\/10\/csoboth-igazolas.jpg\",\"datePublished\":\"2022-10-21T08:11:48+00:00\",\"dateModified\":\"2022-10-21T09:27:05+00:00\",\"author\":{\"@id\":\"https:\/\/www.f-group.hu\/#\/schema\/person\/d9e3f0aad33bb45b1f4a26abaddeb3c6\"},\"breadcrumb\":{\"@id\":\"https:\/\/www.f-group.hu\/hu\/2022\/10\/21\/nb-i-csoboth-kevin-ujpesten-folytatja-hivatalos\/#breadcrumb\"},\"inLanguage\":\"hu\",\"potentialAction\":[{\"@type\":\"ReadAction\",\"target\":[\"https:\/\/www.f-group.hu\/hu\/2022\/10\/21\/nb-i-csoboth-kevin-ujpesten-folytatja-hivatalos\/\"]}]},{\"@type\":\"ImageObject\",\"inLanguage\":\"hu\",\"@id\":\"https:\/\/www.f-group.hu\/hu\/2022\/10\/21\/nb-i-csoboth-kevin-ujpesten-folytatja-hivatalos\/#primaryimage\",\"url\":\"https:\/\/f-group.hu\/wp-content\/uploads\/2022\/10\/csoboth-igazolas.jpg\",\"contentUrl\":\"https:\/\/f-group.hu\/wp-content\/uploads\/2022\/10\/csoboth-igazolas.jpg\",\"width\":800,\"height\":600,\"caption\":\"csoboth-igazolas\"},{\"@type\":\"BreadcrumbList\",\"@id\":\"https:\/\/www.f-group.hu\/hu\/2022\/10\/21\/nb-i-csoboth-kevin-ujpesten-folytatja-hivatalos\/#breadcrumb\",\"itemListElement\":[{\"@type\":\"ListItem\",\"position\":1,\"name\":\"Home\",\"item\":\"https:\/\/f-group.hu\/\"},{\"@type\":\"ListItem\",\"position\":2,\"name\":\"NB I: Csoboth Kevin \u00dajpesten folytatja \u2013 hivatalos\"}]},{\"@type\":\"WebSite\",\"@id\":\"https:\/\/www.f-group.hu\/#website\",\"url\":\"https:\/\/www.f-group.hu\/\",\"name\":\"F-group\",\"description\":\"Professzion\u00e1lis j\u00e1t\u00e9kosmenedzsment\",\"potentialAction\":[{\"@type\":\"SearchAction\",\"target\":{\"@type\":\"EntryPoint\",\"urlTemplate\":\"https:\/\/www.f-group.hu\/?s={search_term_string}\"},\"query-input\":\"required name=search_term_string\"}],\"inLanguage\":\"hu\"},{\"@type\":\"Person\",\"@id\":\"https:\/\/www.f-group.hu\/#\/schema\/person\/d9e3f0aad33bb45b1f4a26abaddeb3c6\",\"name\":\"garanddesign\",\"image\":{\"@type\":\"ImageObject\",\"inLanguage\":\"hu\",\"@id\":\"https:\/\/www.f-group.hu\/#\/schema\/person\/image\/\",\"url\":\"https:\/\/secure.gravatar.com\/avatar\/ffbf9dcf27b7adbe0a7e413d1c0aff22?s=96&d=mm&r=g\",\"contentUrl\":\"https:\/\/secure.gravatar.com\/avatar\/ffbf9dcf27b7adbe0a7e413d1c0aff22?s=96&d=mm&r=g\",\"caption\":\"garanddesign\"},\"url\":\"https:\/\/f-group.hu\/hu\/author\/garanddesign\/\"}]}<\/script>\n<!-- \/ Yoast SEO plugin. -->","yoast_head_json":{"title":"NB I: Csoboth Kevin \u00dajpesten folytatja \u2013 hivatalos - F-group","robots":{"index":"index","follow":"follow","max-snippet":"max-snippet:-1","max-image-preview":"max-image-preview:large","max-video-preview":"max-video-preview:-1"},"canonical":"https:\/\/www.f-group.hu\/hu\/2022\/10\/21\/nb-i-csoboth-kevin-ujpesten-folytatja-hivatalos\/","og_locale":"hu_HU","og_type":"article","og_title":"NB I: Csoboth Kevin \u00dajpesten folytatja \u2013 hivatalos - F-group","og_description":"Igaznak bizonyultak a Nemzeti Sport\u00a0\u00e9rtes\u00fcl\u00e9sei:\u00a0a labdar\u00fag\u00f3 NB I-ben szerepl\u0151 \u00dajpest FC a\u00a0hivatalos honlapj\u00e1n\u00a0jelentette be, hogy megszerezte a Mol Feh\u00e9rv\u00e1r FC ut\u00e1np\u00f3tl\u00e1s-v\u00e1logatott t\u00e1mad\u00f3j\u00e1t, Csoboth Kevint. A p\u00e9csi sz\u00fclet\u00e9s\u0171, ut\u00e1np\u00f3tl\u00e1sszinten a F\u0151nix Gold FC-n\u00e9l, a Ferencv\u00e1rosn\u00e1l \u00e9s a Koz\u00e1rmislenyn\u00e9l pall\u00e9roz\u00f3d\u00f3&nbsp;Csoboth Kevin&nbsp;tehets\u00e9g\u00e9re m\u00e1r eg\u00e9szen fiatalon felfigyelt a portug\u00e1l Benfica, amely 2016-ban szerz\u0151dtette, s h\u00e1rom \u00e9vvel k\u00e9s\u0151bb m\u00e1r a [&hellip;]","og_url":"https:\/\/www.f-group.hu\/hu\/2022\/10\/21\/nb-i-csoboth-kevin-ujpesten-folytatja-hivatalos\/","og_site_name":"F-group","article_published_time":"2022-10-21T08:11:48+00:00","article_modified_time":"2022-10-21T09:27:05+00:00","og_image":[{"width":800,"height":600,"url":"https:\/\/www.f-group.hu\/wp-content\/uploads\/2022\/10\/csoboth-igazolas.jpg","type":"image\/jpeg"}],"author":"garanddesign","twitter_card":"summary_large_image","twitter_misc":{"Szerz\u0151:":"garanddesign","Becs\u00fclt olvas\u00e1si id\u0151":"1 perc"},"schema":{"@context":"https:\/\/schema.org","@graph":[{"@type":"WebPage","@id":"https:\/\/www.f-group.hu\/hu\/2022\/10\/21\/nb-i-csoboth-kevin-ujpesten-folytatja-hivatalos\/","url":"https:\/\/www.f-group.hu\/hu\/2022\/10\/21\/nb-i-csoboth-kevin-ujpesten-folytatja-hivatalos\/","name":"NB I: Csoboth Kevin \u00dajpesten folytatja \u2013 hivatalos - F-group","isPartOf":{"@id":"https:\/\/www.f-group.hu\/#website"},"primaryImageOfPage":{"@id":"https:\/\/www.f-group.hu\/hu\/2022\/10\/21\/nb-i-csoboth-kevin-ujpesten-folytatja-hivatalos\/#primaryimage"},"image":{"@id":"https:\/\/www.f-group.hu\/hu\/2022\/10\/21\/nb-i-csoboth-kevin-ujpesten-folytatja-hivatalos\/#primaryimage"},"thumbnailUrl":"https:\/\/f-group.hu\/wp-content\/uploads\/2022\/10\/csoboth-igazolas.jpg","datePublished":"2022-10-21T08:11:48+00:00","dateModified":"2022-10-21T09:27:05+00:00","author":{"@id":"https:\/\/www.f-group.hu\/#\/schema\/person\/d9e3f0aad33bb45b1f4a26abaddeb3c6"},"breadcrumb":{"@id":"https:\/\/www.f-group.hu\/hu\/2022\/10\/21\/nb-i-csoboth-kevin-ujpesten-folytatja-hivatalos\/#breadcrumb"},"inLanguage":"hu","potentialAction":[{"@type":"ReadAction","target":["https:\/\/www.f-group.hu\/hu\/2022\/10\/21\/nb-i-csoboth-kevin-ujpesten-folytatja-hivatalos\/"]}]},{"@type":"ImageObject","inLanguage":"hu","@id":"https:\/\/www.f-group.hu\/hu\/2022\/10\/21\/nb-i-csoboth-kevin-ujpesten-folytatja-hivatalos\/#primaryimage","url":"https:\/\/f-group.hu\/wp-content\/uploads\/2022\/10\/csoboth-igazolas.jpg","contentUrl":"https:\/\/f-group.hu\/wp-content\/uploads\/2022\/10\/csoboth-igazolas.jpg","width":800,"height":600,"caption":"csoboth-igazolas"},{"@type":"BreadcrumbList","@id":"https:\/\/www.f-group.hu\/hu\/2022\/10\/21\/nb-i-csoboth-kevin-ujpesten-folytatja-hivatalos\/#breadcrumb","itemListElement":[{"@type":"ListItem","position":1,"name":"Home","item":"https:\/\/f-group.hu\/"},{"@type":"ListItem","position":2,"name":"NB I: Csoboth Kevin \u00dajpesten folytatja \u2013 hivatalos"}]},{"@type":"WebSite","@id":"https:\/\/www.f-group.hu\/#website","url":"https:\/\/www.f-group.hu\/","name":"F-group","description":"Professzion\u00e1lis j\u00e1t\u00e9kosmenedzsment","potentialAction":[{"@type":"SearchAction","target":{"@type":"EntryPoint","urlTemplate":"https:\/\/www.f-group.hu\/?s={search_term_string}"},"query-input":"required name=search_term_string"}],"inLanguage":"hu"},{"@type":"Person","@id":"https:\/\/www.f-group.hu\/#\/schema\/person\/d9e3f0aad33bb45b1f4a26abaddeb3c6","name":"garanddesign","image":{"@type":"ImageObject","inLanguage":"hu","@id":"https:\/\/www.f-group.hu\/#\/schema\/person\/image\/","url":"https:\/\/secure.gravatar.com\/avatar\/ffbf9dcf27b7adbe0a7e413d1c0aff22?s=96&d=mm&r=g","contentUrl":"https:\/\/secure.gravatar.com\/avatar\/ffbf9dcf27b7adbe0a7e413d1c0aff22?s=96&d=mm&r=g","caption":"garanddesign"},"url":"https:\/\/f-group.hu\/hu\/author\/garanddesign\/"}]}},"jetpack_featured_media_url":"https:\/\/f-group.hu\/wp-content\/uploads\/2022\/10\/csoboth-igazolas.jpg","_links":{"self":[{"href":"https:\/\/f-group.hu\/hu\/wp-json\/wp\/v2\/posts\/868"}],"collection":[{"href":"https:\/\/f-group.hu\/hu\/wp-json\/wp\/v2\/posts"}],"about":[{"href":"https:\/\/f-group.hu\/hu\/wp-json\/wp\/v2\/types\/post"}],"author":[{"embeddable":true,"href":"https:\/\/f-group.hu\/hu\/wp-json\/wp\/v2\/users\/4"}],"replies":[{"embeddable":true,"href":"https:\/\/f-group.hu\/hu\/wp-json\/wp\/v2\/comments?post=868"}],"version-history":[{"count":1,"href":"https:\/\/f-group.hu\/hu\/wp-json\/wp\/v2\/posts\/868\/revisions"}],"predecessor-version":[{"id":870,"href":"https:\/\/f-group.hu\/hu\/wp-json\/wp\/v2\/posts\/868\/revisions\/870"}],"wp:featuredmedia":[{"embeddable":true,"href":"https:\/\/f-group.hu\/hu\/wp-json\/wp\/v2\/media\/869"}],"wp:attachment":[{"href":"https:\/\/f-group.hu\/hu\/wp-json\/wp\/v2\/media?parent=868"}],"wp:term":[{"taxonomy":"category","embeddable":true,"href":"https:\/\/f-group.hu\/hu\/wp-json\/wp\/v2\/categories?post=868"},{"taxonomy":"post_tag","embeddable":true,"href":"https:\/\/f-group.hu\/hu\/wp-json\/wp\/v2\/tags?post=868"}],"curies":[{"name":"wp","href":"https:\/\/api.w.org\/{rel}","templated":true}]}}