{"id":871,"date":"2022-10-21T08:11:36","date_gmt":"2022-10-21T08:11:36","guid":{"rendered":"https:\/\/f-group.hu\/?p=871"},"modified":"2022-10-21T09:28:59","modified_gmt":"2022-10-21T09:28:59","slug":"nb-ii-utanpotlas-valogatott-vedot-kolcsonzott-a-honvedtol-az-eto","status":"publish","type":"post","link":"https:\/\/f-group.hu\/hu\/2022\/10\/21\/nb-ii-utanpotlas-valogatott-vedot-kolcsonzott-a-honvedtol-az-eto\/","title":{"rendered":"NB II: ut\u00e1np\u00f3tl\u00e1s-v\u00e1logatott v\u00e9d\u0151t k\u00f6lcs\u00f6nz\u00f6tt a Honv\u00e9dt\u00f3l az ETO"},"content":{"rendered":"<p><strong>A labdar\u00fag\u00f3 NB II-ben szerepl\u0151 ETO FC Gy\u0151rn\u00e9l folytatja a p\u00e1lyafut\u00e1s\u00e1t a Budapest Honv\u00e9d ut\u00e1np\u00f3tl\u00e1s-v\u00e1logatott v\u00e9d\u0151je, Benczenleitner Barna, aki a 2022\u20132023-as id\u00e9nyre k\u00f6lcs\u00f6nbe ker\u00fclt a R\u00e1ba-partiakhoz \u2013 jelentett\u00e9k be\u00a0<\/strong>a klubok.<\/p>\n\n\n\n<p>A p\u00e1lyafut\u00e1s\u00e1t a Ferencv\u00e1rosban kezd\u0151&nbsp;<strong>Benczenleitner Barna<\/strong>&nbsp;2017-ben igazolt a Honv\u00e9dhoz, s a koroszt\u00e1lyos g\u00e1rd\u00e1k ut\u00e1n a 18 \u00e9ves balh\u00e1tv\u00e9d m\u00e1r a 2020\u20132021-es \u00e9vadban bemutatkozott a Magyar Futball Akad\u00e9mia NB III-as csapat\u00e1ban, melyet \u00f6sszesen 52 harmadoszt\u00e1ly\u00fa tal\u00e1lkoz\u00f3n er\u0151s\u00edtett. A 2021\u20132022-es ki\u00edr\u00e1sban a klubok k\u00f6zti kooper\u00e1ci\u00f3s szerz\u0151d\u00e9snek k\u00f6sz\u00f6nhet\u0151en n\u00e9gy NB II-es m\u00e9rk\u0151z\u00e9sen p\u00e1ly\u00e1ra l\u00e9phetett a Si\u00f3fok sz\u00edneiben is. Az U16-os, U17-es \u00e9s U19-es v\u00e1logatott v\u00e9d\u0151t a Honv\u00e9d NB I-es egy\u00fcttes\u00e9ben eddig h\u00e9t \u00e9lvonalbeli meccsre nevezt\u00e9k, de m\u00e9g nem l\u00e9pett p\u00e1ly\u00e1ra az els\u0151 oszt\u00e1lyban.<\/p>\n\n\n\n<p><em>\u201eT\u00edm\u00e1r Kriszti\u00e1nt m\u00e1r r\u00e9gebbr\u0151l ismerem, ugyanis j\u00e1tszottam a keze alatt az ut\u00e1np\u00f3tl\u00e1s-v\u00e1logatottban, \u00edgy ismerem a munkamor\u00e1lj\u00e1t, \u00e9s a szem\u00e9lye is nagy szerepet j\u00e1tszott a d\u00f6nt\u00e9sben. Szeretn\u00e9k \u00e1lland\u00f3 helyet kiharcolni magamnak, \u00e9s stabil pontja lenni a csapatnak, egy\u00fctt gy\u0151zelmeket kiharcolni \u00fagy, hogy a v\u00e9dekez\u0151 feladataim mellett gyakran l\u00e9pek be a t\u00e1mad\u00e1sokba, ez\u00e1ltal eredm\u00e9nyes tudok lenni. V\u00e9lem\u00e9nyem szerint a beilleszked\u00e9ssel nem lesz probl\u00e9ma, amiben seg\u00edts\u00e9gemre lesz Csinger M\u00e1rk \u00e9s Szuj\u00f3 Attila, akikkel a v\u00e1logatottban is egy\u00fctt j\u00e1tszunk\u201d<\/em>\u00a0\u2013 fogalmazott az\u00a0ETO honlapj\u00e1nak\u00a0Benczenleitner Barna.<\/p>","protected":false},"excerpt":{"rendered":"<p>A labdar\u00fag\u00f3 NB II-ben szerepl\u0151 ETO FC Gy\u0151rn\u00e9l folytatja a p\u00e1lyafut\u00e1s\u00e1t a Budapest Honv\u00e9d ut\u00e1np\u00f3tl\u00e1s-v\u00e1logatott v\u00e9d\u0151je, Benczenleitner Barna, aki a 2022\u20132023-as id\u00e9nyre k\u00f6lcs\u00f6nbe ker\u00fclt a R\u00e1ba-partiakhoz \u2013 jelentett\u00e9k be\u00a0a klubok. A p\u00e1lyafut\u00e1s\u00e1t a Ferencv\u00e1rosban kezd\u0151&nbsp;Benczenleitner Barna&nbsp;2017-ben igazolt a Honv\u00e9dhoz, s a koroszt\u00e1lyos g\u00e1rd\u00e1k ut\u00e1n a 18 \u00e9ves balh\u00e1tv\u00e9d m\u00e1r a 2020\u20132021-es \u00e9vadban bemutatkozott a Magyar [&hellip;]<\/p>","protected":false},"author":4,"featured_media":872,"comment_status":"open","ping_status":"open","sticky":false,"template":"","format":"standard","meta":{"_et_pb_use_builder":"off","_et_pb_old_content":"","_et_gb_content_width":"","footnotes":""},"categories":[1],"tags":[],"yoast_head":"<!-- This site is optimized with the Yoast SEO plugin v23.1 - https:\/\/yoast.com\/wordpress\/plugins\/seo\/ -->\n<title>NB II: ut\u00e1np\u00f3tl\u00e1s-v\u00e1logatott v\u00e9d\u0151t k\u00f6lcs\u00f6nz\u00f6tt a Honv\u00e9dt\u00f3l az ETO - F-group<\/title>\n<meta name=\"robots\" content=\"index, follow, max-snippet:-1, max-image-preview:large, max-video-preview:-1\" \/>\n<link rel=\"canonical\" href=\"https:\/\/www.f-group.hu\/hu\/2022\/10\/21\/nb-ii-utanpotlas-valogatott-vedot-kolcsonzott-a-honvedtol-az-eto\/\" \/>\n<meta property=\"og:locale\" content=\"hu_HU\" \/>\n<meta property=\"og:type\" content=\"article\" \/>\n<meta property=\"og:title\" content=\"NB II: ut\u00e1np\u00f3tl\u00e1s-v\u00e1logatott v\u00e9d\u0151t k\u00f6lcs\u00f6nz\u00f6tt a Honv\u00e9dt\u00f3l az ETO - F-group\" \/>\n<meta property=\"og:description\" content=\"A labdar\u00fag\u00f3 NB II-ben szerepl\u0151 ETO FC Gy\u0151rn\u00e9l folytatja a p\u00e1lyafut\u00e1s\u00e1t a Budapest Honv\u00e9d ut\u00e1np\u00f3tl\u00e1s-v\u00e1logatott v\u00e9d\u0151je, Benczenleitner Barna, aki a 2022\u20132023-as id\u00e9nyre k\u00f6lcs\u00f6nbe ker\u00fclt a R\u00e1ba-partiakhoz \u2013 jelentett\u00e9k be\u00a0a klubok. A p\u00e1lyafut\u00e1s\u00e1t a Ferencv\u00e1rosban kezd\u0151&nbsp;Benczenleitner Barna&nbsp;2017-ben igazolt a Honv\u00e9dhoz, s a koroszt\u00e1lyos g\u00e1rd\u00e1k ut\u00e1n a 18 \u00e9ves balh\u00e1tv\u00e9d m\u00e1r a 2020\u20132021-es \u00e9vadban bemutatkozott a Magyar [&hellip;]\" \/>\n<meta property=\"og:url\" content=\"https:\/\/www.f-group.hu\/hu\/2022\/10\/21\/nb-ii-utanpotlas-valogatott-vedot-kolcsonzott-a-honvedtol-az-eto\/\" \/>\n<meta property=\"og:site_name\" content=\"F-group\" \/>\n<meta property=\"article:published_time\" content=\"2022-10-21T08:11:36+00:00\" \/>\n<meta property=\"article:modified_time\" content=\"2022-10-21T09:28:59+00:00\" \/>\n<meta property=\"og:image\" content=\"https:\/\/www.f-group.hu\/wp-content\/uploads\/2022\/10\/Benczenleitner_960px.jpg\" \/>\n\t<meta property=\"og:image:width\" content=\"800\" \/>\n\t<meta property=\"og:image:height\" content=\"600\" \/>\n\t<meta property=\"og:image:type\" content=\"image\/jpeg\" \/>\n<meta name=\"author\" content=\"garanddesign\" \/>\n<meta name=\"twitter:card\" content=\"summary_large_image\" \/>\n<meta name=\"twitter:label1\" content=\"Szerz\u0151:\" \/>\n\t<meta name=\"twitter:data1\" content=\"garanddesign\" \/>\n\t<meta name=\"twitter:label2\" content=\"Becs\u00fclt olvas\u00e1si id\u0151\" \/>\n\t<meta name=\"twitter:data2\" content=\"1 perc\" \/>\n<script type=\"application\/ld+json\" class=\"yoast-schema-graph\">{\"@context\":\"https:\/\/schema.org\",\"@graph\":[{\"@type\":\"WebPage\",\"@id\":\"https:\/\/www.f-group.hu\/hu\/2022\/10\/21\/nb-ii-utanpotlas-valogatott-vedot-kolcsonzott-a-honvedtol-az-eto\/\",\"url\":\"https:\/\/www.f-group.hu\/hu\/2022\/10\/21\/nb-ii-utanpotlas-valogatott-vedot-kolcsonzott-a-honvedtol-az-eto\/\",\"name\":\"NB II: ut\u00e1np\u00f3tl\u00e1s-v\u00e1logatott v\u00e9d\u0151t k\u00f6lcs\u00f6nz\u00f6tt a Honv\u00e9dt\u00f3l az ETO - F-group\",\"isPartOf\":{\"@id\":\"https:\/\/www.f-group.hu\/#website\"},\"primaryImageOfPage\":{\"@id\":\"https:\/\/www.f-group.hu\/hu\/2022\/10\/21\/nb-ii-utanpotlas-valogatott-vedot-kolcsonzott-a-honvedtol-az-eto\/#primaryimage\"},\"image\":{\"@id\":\"https:\/\/www.f-group.hu\/hu\/2022\/10\/21\/nb-ii-utanpotlas-valogatott-vedot-kolcsonzott-a-honvedtol-az-eto\/#primaryimage\"},\"thumbnailUrl\":\"https:\/\/f-group.hu\/wp-content\/uploads\/2022\/10\/Benczenleitner_960px.jpg\",\"datePublished\":\"2022-10-21T08:11:36+00:00\",\"dateModified\":\"2022-10-21T09:28:59+00:00\",\"author\":{\"@id\":\"https:\/\/www.f-group.hu\/#\/schema\/person\/d9e3f0aad33bb45b1f4a26abaddeb3c6\"},\"breadcrumb\":{\"@id\":\"https:\/\/www.f-group.hu\/hu\/2022\/10\/21\/nb-ii-utanpotlas-valogatott-vedot-kolcsonzott-a-honvedtol-az-eto\/#breadcrumb\"},\"inLanguage\":\"hu\",\"potentialAction\":[{\"@type\":\"ReadAction\",\"target\":[\"https:\/\/www.f-group.hu\/hu\/2022\/10\/21\/nb-ii-utanpotlas-valogatott-vedot-kolcsonzott-a-honvedtol-az-eto\/\"]}]},{\"@type\":\"ImageObject\",\"inLanguage\":\"hu\",\"@id\":\"https:\/\/www.f-group.hu\/hu\/2022\/10\/21\/nb-ii-utanpotlas-valogatott-vedot-kolcsonzott-a-honvedtol-az-eto\/#primaryimage\",\"url\":\"https:\/\/f-group.hu\/wp-content\/uploads\/2022\/10\/Benczenleitner_960px.jpg\",\"contentUrl\":\"https:\/\/f-group.hu\/wp-content\/uploads\/2022\/10\/Benczenleitner_960px.jpg\",\"width\":800,\"height\":600,\"caption\":\"Benczenleitner_960px\"},{\"@type\":\"BreadcrumbList\",\"@id\":\"https:\/\/www.f-group.hu\/hu\/2022\/10\/21\/nb-ii-utanpotlas-valogatott-vedot-kolcsonzott-a-honvedtol-az-eto\/#breadcrumb\",\"itemListElement\":[{\"@type\":\"ListItem\",\"position\":1,\"name\":\"Home\",\"item\":\"https:\/\/f-group.hu\/\"},{\"@type\":\"ListItem\",\"position\":2,\"name\":\"NB II: ut\u00e1np\u00f3tl\u00e1s-v\u00e1logatott v\u00e9d\u0151t k\u00f6lcs\u00f6nz\u00f6tt a Honv\u00e9dt\u00f3l az ETO\"}]},{\"@type\":\"WebSite\",\"@id\":\"https:\/\/www.f-group.hu\/#website\",\"url\":\"https:\/\/www.f-group.hu\/\",\"name\":\"F-group\",\"description\":\"Professzion\u00e1lis j\u00e1t\u00e9kosmenedzsment\",\"potentialAction\":[{\"@type\":\"SearchAction\",\"target\":{\"@type\":\"EntryPoint\",\"urlTemplate\":\"https:\/\/www.f-group.hu\/?s={search_term_string}\"},\"query-input\":\"required name=search_term_string\"}],\"inLanguage\":\"hu\"},{\"@type\":\"Person\",\"@id\":\"https:\/\/www.f-group.hu\/#\/schema\/person\/d9e3f0aad33bb45b1f4a26abaddeb3c6\",\"name\":\"garanddesign\",\"image\":{\"@type\":\"ImageObject\",\"inLanguage\":\"hu\",\"@id\":\"https:\/\/www.f-group.hu\/#\/schema\/person\/image\/\",\"url\":\"https:\/\/secure.gravatar.com\/avatar\/ffbf9dcf27b7adbe0a7e413d1c0aff22?s=96&d=mm&r=g\",\"contentUrl\":\"https:\/\/secure.gravatar.com\/avatar\/ffbf9dcf27b7adbe0a7e413d1c0aff22?s=96&d=mm&r=g\",\"caption\":\"garanddesign\"},\"url\":\"https:\/\/f-group.hu\/hu\/author\/garanddesign\/\"}]}<\/script>\n<!-- \/ Yoast SEO plugin. -->","yoast_head_json":{"title":"NB II: ut\u00e1np\u00f3tl\u00e1s-v\u00e1logatott v\u00e9d\u0151t k\u00f6lcs\u00f6nz\u00f6tt a Honv\u00e9dt\u00f3l az ETO - F-group","robots":{"index":"index","follow":"follow","max-snippet":"max-snippet:-1","max-image-preview":"max-image-preview:large","max-video-preview":"max-video-preview:-1"},"canonical":"https:\/\/www.f-group.hu\/hu\/2022\/10\/21\/nb-ii-utanpotlas-valogatott-vedot-kolcsonzott-a-honvedtol-az-eto\/","og_locale":"hu_HU","og_type":"article","og_title":"NB II: ut\u00e1np\u00f3tl\u00e1s-v\u00e1logatott v\u00e9d\u0151t k\u00f6lcs\u00f6nz\u00f6tt a Honv\u00e9dt\u00f3l az ETO - F-group","og_description":"A labdar\u00fag\u00f3 NB II-ben szerepl\u0151 ETO FC Gy\u0151rn\u00e9l folytatja a p\u00e1lyafut\u00e1s\u00e1t a Budapest Honv\u00e9d ut\u00e1np\u00f3tl\u00e1s-v\u00e1logatott v\u00e9d\u0151je, Benczenleitner Barna, aki a 2022\u20132023-as id\u00e9nyre k\u00f6lcs\u00f6nbe ker\u00fclt a R\u00e1ba-partiakhoz \u2013 jelentett\u00e9k be\u00a0a klubok. A p\u00e1lyafut\u00e1s\u00e1t a Ferencv\u00e1rosban kezd\u0151&nbsp;Benczenleitner Barna&nbsp;2017-ben igazolt a Honv\u00e9dhoz, s a koroszt\u00e1lyos g\u00e1rd\u00e1k ut\u00e1n a 18 \u00e9ves balh\u00e1tv\u00e9d m\u00e1r a 2020\u20132021-es \u00e9vadban bemutatkozott a Magyar [&hellip;]","og_url":"https:\/\/www.f-group.hu\/hu\/2022\/10\/21\/nb-ii-utanpotlas-valogatott-vedot-kolcsonzott-a-honvedtol-az-eto\/","og_site_name":"F-group","article_published_time":"2022-10-21T08:11:36+00:00","article_modified_time":"2022-10-21T09:28:59+00:00","og_image":[{"width":800,"height":600,"url":"https:\/\/www.f-group.hu\/wp-content\/uploads\/2022\/10\/Benczenleitner_960px.jpg","type":"image\/jpeg"}],"author":"garanddesign","twitter_card":"summary_large_image","twitter_misc":{"Szerz\u0151:":"garanddesign","Becs\u00fclt olvas\u00e1si id\u0151":"1 perc"},"schema":{"@context":"https:\/\/schema.org","@graph":[{"@type":"WebPage","@id":"https:\/\/www.f-group.hu\/hu\/2022\/10\/21\/nb-ii-utanpotlas-valogatott-vedot-kolcsonzott-a-honvedtol-az-eto\/","url":"https:\/\/www.f-group.hu\/hu\/2022\/10\/21\/nb-ii-utanpotlas-valogatott-vedot-kolcsonzott-a-honvedtol-az-eto\/","name":"NB II: ut\u00e1np\u00f3tl\u00e1s-v\u00e1logatott v\u00e9d\u0151t k\u00f6lcs\u00f6nz\u00f6tt a Honv\u00e9dt\u00f3l az ETO - F-group","isPartOf":{"@id":"https:\/\/www.f-group.hu\/#website"},"primaryImageOfPage":{"@id":"https:\/\/www.f-group.hu\/hu\/2022\/10\/21\/nb-ii-utanpotlas-valogatott-vedot-kolcsonzott-a-honvedtol-az-eto\/#primaryimage"},"image":{"@id":"https:\/\/www.f-group.hu\/hu\/2022\/10\/21\/nb-ii-utanpotlas-valogatott-vedot-kolcsonzott-a-honvedtol-az-eto\/#primaryimage"},"thumbnailUrl":"https:\/\/f-group.hu\/wp-content\/uploads\/2022\/10\/Benczenleitner_960px.jpg","datePublished":"2022-10-21T08:11:36+00:00","dateModified":"2022-10-21T09:28:59+00:00","author":{"@id":"https:\/\/www.f-group.hu\/#\/schema\/person\/d9e3f0aad33bb45b1f4a26abaddeb3c6"},"breadcrumb":{"@id":"https:\/\/www.f-group.hu\/hu\/2022\/10\/21\/nb-ii-utanpotlas-valogatott-vedot-kolcsonzott-a-honvedtol-az-eto\/#breadcrumb"},"inLanguage":"hu","potentialAction":[{"@type":"ReadAction","target":["https:\/\/www.f-group.hu\/hu\/2022\/10\/21\/nb-ii-utanpotlas-valogatott-vedot-kolcsonzott-a-honvedtol-az-eto\/"]}]},{"@type":"ImageObject","inLanguage":"hu","@id":"https:\/\/www.f-group.hu\/hu\/2022\/10\/21\/nb-ii-utanpotlas-valogatott-vedot-kolcsonzott-a-honvedtol-az-eto\/#primaryimage","url":"https:\/\/f-group.hu\/wp-content\/uploads\/2022\/10\/Benczenleitner_960px.jpg","contentUrl":"https:\/\/f-group.hu\/wp-content\/uploads\/2022\/10\/Benczenleitner_960px.jpg","width":800,"height":600,"caption":"Benczenleitner_960px"},{"@type":"BreadcrumbList","@id":"https:\/\/www.f-group.hu\/hu\/2022\/10\/21\/nb-ii-utanpotlas-valogatott-vedot-kolcsonzott-a-honvedtol-az-eto\/#breadcrumb","itemListElement":[{"@type":"ListItem","position":1,"name":"Home","item":"https:\/\/f-group.hu\/"},{"@type":"ListItem","position":2,"name":"NB II: ut\u00e1np\u00f3tl\u00e1s-v\u00e1logatott v\u00e9d\u0151t k\u00f6lcs\u00f6nz\u00f6tt a Honv\u00e9dt\u00f3l az ETO"}]},{"@type":"WebSite","@id":"https:\/\/www.f-group.hu\/#website","url":"https:\/\/www.f-group.hu\/","name":"F-group","description":"Professzion\u00e1lis j\u00e1t\u00e9kosmenedzsment","potentialAction":[{"@type":"SearchAction","target":{"@type":"EntryPoint","urlTemplate":"https:\/\/www.f-group.hu\/?s={search_term_string}"},"query-input":"required name=search_term_string"}],"inLanguage":"hu"},{"@type":"Person","@id":"https:\/\/www.f-group.hu\/#\/schema\/person\/d9e3f0aad33bb45b1f4a26abaddeb3c6","name":"garanddesign","image":{"@type":"ImageObject","inLanguage":"hu","@id":"https:\/\/www.f-group.hu\/#\/schema\/person\/image\/","url":"https:\/\/secure.gravatar.com\/avatar\/ffbf9dcf27b7adbe0a7e413d1c0aff22?s=96&d=mm&r=g","contentUrl":"https:\/\/secure.gravatar.com\/avatar\/ffbf9dcf27b7adbe0a7e413d1c0aff22?s=96&d=mm&r=g","caption":"garanddesign"},"url":"https:\/\/f-group.hu\/hu\/author\/garanddesign\/"}]}},"jetpack_featured_media_url":"https:\/\/f-group.hu\/wp-content\/uploads\/2022\/10\/Benczenleitner_960px.jpg","_links":{"self":[{"href":"https:\/\/f-group.hu\/hu\/wp-json\/wp\/v2\/posts\/871"}],"collection":[{"href":"https:\/\/f-group.hu\/hu\/wp-json\/wp\/v2\/posts"}],"about":[{"href":"https:\/\/f-group.hu\/hu\/wp-json\/wp\/v2\/types\/post"}],"author":[{"embeddable":true,"href":"https:\/\/f-group.hu\/hu\/wp-json\/wp\/v2\/users\/4"}],"replies":[{"embeddable":true,"href":"https:\/\/f-group.hu\/hu\/wp-json\/wp\/v2\/comments?post=871"}],"version-history":[{"count":1,"href":"https:\/\/f-group.hu\/hu\/wp-json\/wp\/v2\/posts\/871\/revisions"}],"predecessor-version":[{"id":873,"href":"https:\/\/f-group.hu\/hu\/wp-json\/wp\/v2\/posts\/871\/revisions\/873"}],"wp:featuredmedia":[{"embeddable":true,"href":"https:\/\/f-group.hu\/hu\/wp-json\/wp\/v2\/media\/872"}],"wp:attachment":[{"href":"https:\/\/f-group.hu\/hu\/wp-json\/wp\/v2\/media?parent=871"}],"wp:term":[{"taxonomy":"category","embeddable":true,"href":"https:\/\/f-group.hu\/hu\/wp-json\/wp\/v2\/categories?post=871"},{"taxonomy":"post_tag","embeddable":true,"href":"https:\/\/f-group.hu\/hu\/wp-json\/wp\/v2\/tags?post=871"}],"curies":[{"name":"wp","href":"https:\/\/api.w.org\/{rel}","templated":true}]}}