{"id":874,"date":"2022-10-21T08:04:18","date_gmt":"2022-10-21T08:04:18","guid":{"rendered":"https:\/\/f-group.hu\/?p=874"},"modified":"2022-10-21T09:30:36","modified_gmt":"2022-10-21T09:30:36","slug":"nb-ii-a-fehervarrol-tavozo-kovacs-istvan-gyorben-folytatja","status":"publish","type":"post","link":"https:\/\/f-group.hu\/hu\/2022\/10\/21\/nb-ii-a-fehervarrol-tavozo-kovacs-istvan-gyorben-folytatja\/","title":{"rendered":"NB II: a Feh\u00e9rv\u00e1rr\u00f3l t\u00e1voz\u00f3 Kov\u00e1cs Istv\u00e1n Gy\u0151rben folytatja"},"content":{"rendered":"<p><strong>A 15-sz\u00f6r\u00f6s v\u00e1logatott k\u00f6z\u00e9pp\u00e1ly\u00e1s, Kov\u00e1cs Istv\u00e1n a labdar\u00fag\u00f3 NB II-ben szerepl\u0151 ETO FC Gy\u0151rh\u00f6z igazolt \u2013 \u00edrja a\u00a0<\/strong>klub honlapja.<\/p>\n\n\n\n<p>Szerz\u0151d\u00e9se lej\u00e1rt\u00e1val t\u00e1vozik a Mol Feh\u00e9rv\u00e1r FC-t\u0151l a 30 \u00e9ves labdar\u00fag\u00f3, aki egy \u00e9vre \u00edrt al\u00e1 a gy\u0151riekhez.<br><br>Kov\u00e1cs Istv\u00e1n 2012 febru\u00e1rj\u00e1ban igazolt Sz\u00e9kesfeh\u00e9rv\u00e1rra a Halad\u00e1st\u00f3l. Az elm\u00falt t\u00edz \u00e9vben 296 t\u00e9tm\u00e9rk\u0151z\u00e9sen 26 g\u00f3lt szerzett \u00e9s 37 g\u00f3lpasszt adott a Vidi sz\u00edneiben. Az el\u0151z\u0151 id\u00e9nyben kilenc m\u00e9rk\u0151z\u00e9s\u00e9n \u00f6sszesen 303 percnyi j\u00e1t\u00e9klehet\u0151s\u00e9get kapott.<\/p>\n\n\n\n<p>A magyar v\u00e1logatottban legut\u00f3bb 2019 november\u00e9ben l\u00e9pett p\u00e1ly\u00e1ra, Wales ellen.<\/p>\n\n\n\n<p><em>\u201e\u00c9rdekes az \u00e9let, egyszer m\u00e1r majdnem az ETO labdar\u00fag\u00f3ja lettem a 2011\u20132012-es \u00e9vadban, de v\u00e9g\u00fcl a Feh\u00e9rv\u00e1rhoz vezetett az utam, ahol sz\u00e9p t\u00edz \u00e9s f\u00e9l \u00e9vet t\u00f6lt\u00f6ttem. Most, t\u00f6bb mint egy \u00e9vtizeddel k\u00e9s\u0151bb meg\u00e9rkeztem Gy\u0151rbe. Az ut\u00e1np\u00f3tl\u00e1sban \u00e9s a feln\u0151ttmez\u0151nyben is sokszor j\u00e1rtam az ETO Stadionban, s\u0151t, \u00e9letem els\u0151 nagy focimeccs\u00e9t is itt l\u00e1ttam, a r\u00e9gi stadionban, 2000 nyar\u00e1n, a Dunaferr j\u00e1tszott BL-selejtez\u0151t a Rosenborggal. Nagyon szerettem a feh\u00e9rv\u00e1ri \u00e9veimet, de \u00fagy \u00e9rzem, kellett most ez a v\u00e1lt\u00e1s, az ETO pedig m\u00e1r r\u00e9g\u00f3ta szeretett volna megszerezni. Nagyon szimpatikus volt, hogy nemcsak poz\u00edci\u00f3ra akartak igazolni, hanem szem\u00e9ly szerint engem szerettek volna a csapatban tudni. Az \u00e1tigazol\u00e1som sikeress\u00e9ge ezek ut\u00e1n m\u00e1r csak rajtam m\u00falik, igyekszem, hogy maradand\u00f3t alkothassak ETO-j\u00e1t\u00e9kosk\u00e9nt. Szeretn\u00e9m bizony\u00edtani, hogy nem lehet engem le\u00edrni, \u00e9s m\u00e9g harminc\u00e9vesen is van bennem tettv\u00e1gy, hogy megmutassam, nekem is \u00e9s az ETO-nak is az NB I-ben a helye. Hogy ez mikor siker\u00fcl, az sok t\u00e9nyez\u0151s, de \u00e9n eg\u00e9szs\u00e9ges sportemberk\u00e9nt minden m\u00e9rk\u0151z\u00e9sre \u00fagy megyek fel, hogy szeretn\u00e9k nyerni, b\u00e1rki is az ellenf\u00e9l\u201d \u2013<\/em>\u00a0nyilatkozta\u00a0<strong>Kov\u00e1cs<\/strong>\u00a0\u00faj klubja honlapj\u00e1n.<\/p>","protected":false},"excerpt":{"rendered":"<p>A 15-sz\u00f6r\u00f6s v\u00e1logatott k\u00f6z\u00e9pp\u00e1ly\u00e1s, Kov\u00e1cs Istv\u00e1n a labdar\u00fag\u00f3 NB II-ben szerepl\u0151 ETO FC Gy\u0151rh\u00f6z igazolt \u2013 \u00edrja a\u00a0klub honlapja. Szerz\u0151d\u00e9se lej\u00e1rt\u00e1val t\u00e1vozik a Mol Feh\u00e9rv\u00e1r FC-t\u0151l a 30 \u00e9ves labdar\u00fag\u00f3, aki egy \u00e9vre \u00edrt al\u00e1 a gy\u0151riekhez. Kov\u00e1cs Istv\u00e1n 2012 febru\u00e1rj\u00e1ban igazolt Sz\u00e9kesfeh\u00e9rv\u00e1rra a Halad\u00e1st\u00f3l. Az elm\u00falt t\u00edz \u00e9vben 296 t\u00e9tm\u00e9rk\u0151z\u00e9sen 26 g\u00f3lt szerzett \u00e9s [&hellip;]<\/p>","protected":false},"author":4,"featured_media":875,"comment_status":"open","ping_status":"open","sticky":false,"template":"","format":"standard","meta":{"_et_pb_use_builder":"off","_et_pb_old_content":"","_et_gb_content_width":"","footnotes":""},"categories":[1],"tags":[],"yoast_head":"<!-- This site is optimized with the Yoast SEO plugin v23.1 - https:\/\/yoast.com\/wordpress\/plugins\/seo\/ -->\n<title>NB II: a Feh\u00e9rv\u00e1rr\u00f3l t\u00e1voz\u00f3 Kov\u00e1cs Istv\u00e1n Gy\u0151rben folytatja - F-group<\/title>\n<meta name=\"robots\" content=\"index, follow, max-snippet:-1, max-image-preview:large, max-video-preview:-1\" \/>\n<link rel=\"canonical\" href=\"https:\/\/www.f-group.hu\/hu\/2022\/10\/21\/nb-ii-a-fehervarrol-tavozo-kovacs-istvan-gyorben-folytatja\/\" \/>\n<meta property=\"og:locale\" content=\"hu_HU\" \/>\n<meta property=\"og:type\" content=\"article\" \/>\n<meta property=\"og:title\" content=\"NB II: a Feh\u00e9rv\u00e1rr\u00f3l t\u00e1voz\u00f3 Kov\u00e1cs Istv\u00e1n Gy\u0151rben folytatja - F-group\" \/>\n<meta property=\"og:description\" content=\"A 15-sz\u00f6r\u00f6s v\u00e1logatott k\u00f6z\u00e9pp\u00e1ly\u00e1s, Kov\u00e1cs Istv\u00e1n a labdar\u00fag\u00f3 NB II-ben szerepl\u0151 ETO FC Gy\u0151rh\u00f6z igazolt \u2013 \u00edrja a\u00a0klub honlapja. Szerz\u0151d\u00e9se lej\u00e1rt\u00e1val t\u00e1vozik a Mol Feh\u00e9rv\u00e1r FC-t\u0151l a 30 \u00e9ves labdar\u00fag\u00f3, aki egy \u00e9vre \u00edrt al\u00e1 a gy\u0151riekhez. Kov\u00e1cs Istv\u00e1n 2012 febru\u00e1rj\u00e1ban igazolt Sz\u00e9kesfeh\u00e9rv\u00e1rra a Halad\u00e1st\u00f3l. Az elm\u00falt t\u00edz \u00e9vben 296 t\u00e9tm\u00e9rk\u0151z\u00e9sen 26 g\u00f3lt szerzett \u00e9s [&hellip;]\" \/>\n<meta property=\"og:url\" content=\"https:\/\/www.f-group.hu\/hu\/2022\/10\/21\/nb-ii-a-fehervarrol-tavozo-kovacs-istvan-gyorben-folytatja\/\" \/>\n<meta property=\"og:site_name\" content=\"F-group\" \/>\n<meta property=\"article:published_time\" content=\"2022-10-21T08:04:18+00:00\" \/>\n<meta property=\"article:modified_time\" content=\"2022-10-21T09:30:36+00:00\" \/>\n<meta property=\"og:image\" content=\"https:\/\/www.f-group.hu\/wp-content\/uploads\/2022\/10\/koko-az-eto-nal_2022-08-041_960px.jpg\" \/>\n\t<meta property=\"og:image:width\" content=\"800\" \/>\n\t<meta property=\"og:image:height\" content=\"600\" \/>\n\t<meta property=\"og:image:type\" content=\"image\/jpeg\" \/>\n<meta name=\"author\" content=\"garanddesign\" \/>\n<meta name=\"twitter:card\" content=\"summary_large_image\" \/>\n<meta name=\"twitter:label1\" content=\"Szerz\u0151:\" \/>\n\t<meta name=\"twitter:data1\" content=\"garanddesign\" \/>\n\t<meta name=\"twitter:label2\" content=\"Becs\u00fclt olvas\u00e1si id\u0151\" \/>\n\t<meta name=\"twitter:data2\" content=\"2 perc\" \/>\n<script type=\"application\/ld+json\" class=\"yoast-schema-graph\">{\"@context\":\"https:\/\/schema.org\",\"@graph\":[{\"@type\":\"WebPage\",\"@id\":\"https:\/\/www.f-group.hu\/hu\/2022\/10\/21\/nb-ii-a-fehervarrol-tavozo-kovacs-istvan-gyorben-folytatja\/\",\"url\":\"https:\/\/www.f-group.hu\/hu\/2022\/10\/21\/nb-ii-a-fehervarrol-tavozo-kovacs-istvan-gyorben-folytatja\/\",\"name\":\"NB II: a Feh\u00e9rv\u00e1rr\u00f3l t\u00e1voz\u00f3 Kov\u00e1cs Istv\u00e1n Gy\u0151rben folytatja - F-group\",\"isPartOf\":{\"@id\":\"https:\/\/www.f-group.hu\/#website\"},\"primaryImageOfPage\":{\"@id\":\"https:\/\/www.f-group.hu\/hu\/2022\/10\/21\/nb-ii-a-fehervarrol-tavozo-kovacs-istvan-gyorben-folytatja\/#primaryimage\"},\"image\":{\"@id\":\"https:\/\/www.f-group.hu\/hu\/2022\/10\/21\/nb-ii-a-fehervarrol-tavozo-kovacs-istvan-gyorben-folytatja\/#primaryimage\"},\"thumbnailUrl\":\"https:\/\/f-group.hu\/wp-content\/uploads\/2022\/10\/koko-az-eto-nal_2022-08-041_960px.jpg\",\"datePublished\":\"2022-10-21T08:04:18+00:00\",\"dateModified\":\"2022-10-21T09:30:36+00:00\",\"author\":{\"@id\":\"https:\/\/www.f-group.hu\/#\/schema\/person\/d9e3f0aad33bb45b1f4a26abaddeb3c6\"},\"breadcrumb\":{\"@id\":\"https:\/\/www.f-group.hu\/hu\/2022\/10\/21\/nb-ii-a-fehervarrol-tavozo-kovacs-istvan-gyorben-folytatja\/#breadcrumb\"},\"inLanguage\":\"hu\",\"potentialAction\":[{\"@type\":\"ReadAction\",\"target\":[\"https:\/\/www.f-group.hu\/hu\/2022\/10\/21\/nb-ii-a-fehervarrol-tavozo-kovacs-istvan-gyorben-folytatja\/\"]}]},{\"@type\":\"ImageObject\",\"inLanguage\":\"hu\",\"@id\":\"https:\/\/www.f-group.hu\/hu\/2022\/10\/21\/nb-ii-a-fehervarrol-tavozo-kovacs-istvan-gyorben-folytatja\/#primaryimage\",\"url\":\"https:\/\/f-group.hu\/wp-content\/uploads\/2022\/10\/koko-az-eto-nal_2022-08-041_960px.jpg\",\"contentUrl\":\"https:\/\/f-group.hu\/wp-content\/uploads\/2022\/10\/koko-az-eto-nal_2022-08-041_960px.jpg\",\"width\":800,\"height\":600,\"caption\":\"koko-az-eto-nal_2022-08-041_960px\"},{\"@type\":\"BreadcrumbList\",\"@id\":\"https:\/\/www.f-group.hu\/hu\/2022\/10\/21\/nb-ii-a-fehervarrol-tavozo-kovacs-istvan-gyorben-folytatja\/#breadcrumb\",\"itemListElement\":[{\"@type\":\"ListItem\",\"position\":1,\"name\":\"Home\",\"item\":\"https:\/\/f-group.hu\/\"},{\"@type\":\"ListItem\",\"position\":2,\"name\":\"NB II: a Feh\u00e9rv\u00e1rr\u00f3l t\u00e1voz\u00f3 Kov\u00e1cs Istv\u00e1n Gy\u0151rben folytatja\"}]},{\"@type\":\"WebSite\",\"@id\":\"https:\/\/www.f-group.hu\/#website\",\"url\":\"https:\/\/www.f-group.hu\/\",\"name\":\"F-group\",\"description\":\"Professzion\u00e1lis j\u00e1t\u00e9kosmenedzsment\",\"potentialAction\":[{\"@type\":\"SearchAction\",\"target\":{\"@type\":\"EntryPoint\",\"urlTemplate\":\"https:\/\/www.f-group.hu\/?s={search_term_string}\"},\"query-input\":\"required name=search_term_string\"}],\"inLanguage\":\"hu\"},{\"@type\":\"Person\",\"@id\":\"https:\/\/www.f-group.hu\/#\/schema\/person\/d9e3f0aad33bb45b1f4a26abaddeb3c6\",\"name\":\"garanddesign\",\"image\":{\"@type\":\"ImageObject\",\"inLanguage\":\"hu\",\"@id\":\"https:\/\/www.f-group.hu\/#\/schema\/person\/image\/\",\"url\":\"https:\/\/secure.gravatar.com\/avatar\/ffbf9dcf27b7adbe0a7e413d1c0aff22?s=96&d=mm&r=g\",\"contentUrl\":\"https:\/\/secure.gravatar.com\/avatar\/ffbf9dcf27b7adbe0a7e413d1c0aff22?s=96&d=mm&r=g\",\"caption\":\"garanddesign\"},\"url\":\"https:\/\/f-group.hu\/hu\/author\/garanddesign\/\"}]}<\/script>\n<!-- \/ Yoast SEO plugin. -->","yoast_head_json":{"title":"NB II: a Feh\u00e9rv\u00e1rr\u00f3l t\u00e1voz\u00f3 Kov\u00e1cs Istv\u00e1n Gy\u0151rben folytatja - F-group","robots":{"index":"index","follow":"follow","max-snippet":"max-snippet:-1","max-image-preview":"max-image-preview:large","max-video-preview":"max-video-preview:-1"},"canonical":"https:\/\/www.f-group.hu\/hu\/2022\/10\/21\/nb-ii-a-fehervarrol-tavozo-kovacs-istvan-gyorben-folytatja\/","og_locale":"hu_HU","og_type":"article","og_title":"NB II: a Feh\u00e9rv\u00e1rr\u00f3l t\u00e1voz\u00f3 Kov\u00e1cs Istv\u00e1n Gy\u0151rben folytatja - F-group","og_description":"A 15-sz\u00f6r\u00f6s v\u00e1logatott k\u00f6z\u00e9pp\u00e1ly\u00e1s, Kov\u00e1cs Istv\u00e1n a labdar\u00fag\u00f3 NB II-ben szerepl\u0151 ETO FC Gy\u0151rh\u00f6z igazolt \u2013 \u00edrja a\u00a0klub honlapja. Szerz\u0151d\u00e9se lej\u00e1rt\u00e1val t\u00e1vozik a Mol Feh\u00e9rv\u00e1r FC-t\u0151l a 30 \u00e9ves labdar\u00fag\u00f3, aki egy \u00e9vre \u00edrt al\u00e1 a gy\u0151riekhez. Kov\u00e1cs Istv\u00e1n 2012 febru\u00e1rj\u00e1ban igazolt Sz\u00e9kesfeh\u00e9rv\u00e1rra a Halad\u00e1st\u00f3l. Az elm\u00falt t\u00edz \u00e9vben 296 t\u00e9tm\u00e9rk\u0151z\u00e9sen 26 g\u00f3lt szerzett \u00e9s [&hellip;]","og_url":"https:\/\/www.f-group.hu\/hu\/2022\/10\/21\/nb-ii-a-fehervarrol-tavozo-kovacs-istvan-gyorben-folytatja\/","og_site_name":"F-group","article_published_time":"2022-10-21T08:04:18+00:00","article_modified_time":"2022-10-21T09:30:36+00:00","og_image":[{"width":800,"height":600,"url":"https:\/\/www.f-group.hu\/wp-content\/uploads\/2022\/10\/koko-az-eto-nal_2022-08-041_960px.jpg","type":"image\/jpeg"}],"author":"garanddesign","twitter_card":"summary_large_image","twitter_misc":{"Szerz\u0151:":"garanddesign","Becs\u00fclt olvas\u00e1si id\u0151":"2 perc"},"schema":{"@context":"https:\/\/schema.org","@graph":[{"@type":"WebPage","@id":"https:\/\/www.f-group.hu\/hu\/2022\/10\/21\/nb-ii-a-fehervarrol-tavozo-kovacs-istvan-gyorben-folytatja\/","url":"https:\/\/www.f-group.hu\/hu\/2022\/10\/21\/nb-ii-a-fehervarrol-tavozo-kovacs-istvan-gyorben-folytatja\/","name":"NB II: a Feh\u00e9rv\u00e1rr\u00f3l t\u00e1voz\u00f3 Kov\u00e1cs Istv\u00e1n Gy\u0151rben folytatja - F-group","isPartOf":{"@id":"https:\/\/www.f-group.hu\/#website"},"primaryImageOfPage":{"@id":"https:\/\/www.f-group.hu\/hu\/2022\/10\/21\/nb-ii-a-fehervarrol-tavozo-kovacs-istvan-gyorben-folytatja\/#primaryimage"},"image":{"@id":"https:\/\/www.f-group.hu\/hu\/2022\/10\/21\/nb-ii-a-fehervarrol-tavozo-kovacs-istvan-gyorben-folytatja\/#primaryimage"},"thumbnailUrl":"https:\/\/f-group.hu\/wp-content\/uploads\/2022\/10\/koko-az-eto-nal_2022-08-041_960px.jpg","datePublished":"2022-10-21T08:04:18+00:00","dateModified":"2022-10-21T09:30:36+00:00","author":{"@id":"https:\/\/www.f-group.hu\/#\/schema\/person\/d9e3f0aad33bb45b1f4a26abaddeb3c6"},"breadcrumb":{"@id":"https:\/\/www.f-group.hu\/hu\/2022\/10\/21\/nb-ii-a-fehervarrol-tavozo-kovacs-istvan-gyorben-folytatja\/#breadcrumb"},"inLanguage":"hu","potentialAction":[{"@type":"ReadAction","target":["https:\/\/www.f-group.hu\/hu\/2022\/10\/21\/nb-ii-a-fehervarrol-tavozo-kovacs-istvan-gyorben-folytatja\/"]}]},{"@type":"ImageObject","inLanguage":"hu","@id":"https:\/\/www.f-group.hu\/hu\/2022\/10\/21\/nb-ii-a-fehervarrol-tavozo-kovacs-istvan-gyorben-folytatja\/#primaryimage","url":"https:\/\/f-group.hu\/wp-content\/uploads\/2022\/10\/koko-az-eto-nal_2022-08-041_960px.jpg","contentUrl":"https:\/\/f-group.hu\/wp-content\/uploads\/2022\/10\/koko-az-eto-nal_2022-08-041_960px.jpg","width":800,"height":600,"caption":"koko-az-eto-nal_2022-08-041_960px"},{"@type":"BreadcrumbList","@id":"https:\/\/www.f-group.hu\/hu\/2022\/10\/21\/nb-ii-a-fehervarrol-tavozo-kovacs-istvan-gyorben-folytatja\/#breadcrumb","itemListElement":[{"@type":"ListItem","position":1,"name":"Home","item":"https:\/\/f-group.hu\/"},{"@type":"ListItem","position":2,"name":"NB II: a Feh\u00e9rv\u00e1rr\u00f3l t\u00e1voz\u00f3 Kov\u00e1cs Istv\u00e1n Gy\u0151rben folytatja"}]},{"@type":"WebSite","@id":"https:\/\/www.f-group.hu\/#website","url":"https:\/\/www.f-group.hu\/","name":"F-group","description":"Professzion\u00e1lis j\u00e1t\u00e9kosmenedzsment","potentialAction":[{"@type":"SearchAction","target":{"@type":"EntryPoint","urlTemplate":"https:\/\/www.f-group.hu\/?s={search_term_string}"},"query-input":"required name=search_term_string"}],"inLanguage":"hu"},{"@type":"Person","@id":"https:\/\/www.f-group.hu\/#\/schema\/person\/d9e3f0aad33bb45b1f4a26abaddeb3c6","name":"garanddesign","image":{"@type":"ImageObject","inLanguage":"hu","@id":"https:\/\/www.f-group.hu\/#\/schema\/person\/image\/","url":"https:\/\/secure.gravatar.com\/avatar\/ffbf9dcf27b7adbe0a7e413d1c0aff22?s=96&d=mm&r=g","contentUrl":"https:\/\/secure.gravatar.com\/avatar\/ffbf9dcf27b7adbe0a7e413d1c0aff22?s=96&d=mm&r=g","caption":"garanddesign"},"url":"https:\/\/f-group.hu\/hu\/author\/garanddesign\/"}]}},"jetpack_featured_media_url":"https:\/\/f-group.hu\/wp-content\/uploads\/2022\/10\/koko-az-eto-nal_2022-08-041_960px.jpg","_links":{"self":[{"href":"https:\/\/f-group.hu\/hu\/wp-json\/wp\/v2\/posts\/874"}],"collection":[{"href":"https:\/\/f-group.hu\/hu\/wp-json\/wp\/v2\/posts"}],"about":[{"href":"https:\/\/f-group.hu\/hu\/wp-json\/wp\/v2\/types\/post"}],"author":[{"embeddable":true,"href":"https:\/\/f-group.hu\/hu\/wp-json\/wp\/v2\/users\/4"}],"replies":[{"embeddable":true,"href":"https:\/\/f-group.hu\/hu\/wp-json\/wp\/v2\/comments?post=874"}],"version-history":[{"count":1,"href":"https:\/\/f-group.hu\/hu\/wp-json\/wp\/v2\/posts\/874\/revisions"}],"predecessor-version":[{"id":876,"href":"https:\/\/f-group.hu\/hu\/wp-json\/wp\/v2\/posts\/874\/revisions\/876"}],"wp:featuredmedia":[{"embeddable":true,"href":"https:\/\/f-group.hu\/hu\/wp-json\/wp\/v2\/media\/875"}],"wp:attachment":[{"href":"https:\/\/f-group.hu\/hu\/wp-json\/wp\/v2\/media?parent=874"}],"wp:term":[{"taxonomy":"category","embeddable":true,"href":"https:\/\/f-group.hu\/hu\/wp-json\/wp\/v2\/categories?post=874"},{"taxonomy":"post_tag","embeddable":true,"href":"https:\/\/f-group.hu\/hu\/wp-json\/wp\/v2\/tags?post=874"}],"curies":[{"name":"wp","href":"https:\/\/api.w.org\/{rel}","templated":true}]}}