{"id":917,"date":"2023-02-16T12:05:48","date_gmt":"2023-02-16T12:05:48","guid":{"rendered":"https:\/\/f-group.hu\/?p=917"},"modified":"2023-02-21T12:06:01","modified_gmt":"2023-02-21T12:06:01","slug":"dvsc-varga-kevin-visszatert-neveloegyesuletehez-hivatalos","status":"publish","type":"post","link":"https:\/\/f-group.hu\/hu\/2023\/02\/16\/dvsc-varga-kevin-visszatert-neveloegyesuletehez-hivatalos\/","title":{"rendered":"DVSC: Varga Kevin visszat\u00e9rt nevel\u0151egyes\u00fclet\u00e9hez \u2013 hivatalos"},"content":{"rendered":"<p>Igaznak bizonyultak a Nemzeti Sport k\u00e9t nappal ezel\u0151tti \u00e9rtes\u00fcl\u00e9sei, s val\u00f3ban ism\u00e9t a DVSC j\u00e1t\u00e9kosa lett a 13-szoros v\u00e1logatott sz\u00e9ls\u0151, Varga Kevin. A k\u00e9t \u00e9s f\u00e9l \u00e9v l\u00e9gi\u00f3skod\u00e1s ut\u00e1n a klubhoz visszat\u00e9r\u0151 26 \u00e9ves labdar\u00fag\u00f3 szerz\u0151dtet\u00e9s\u00e9r\u0151l az egyes\u00fclet hivatalos honlapja sz\u00e1molt be cs\u00fct\u00f6rt\u00f6k\u00f6n.<\/p>\n\n\n\n<p>K\u00e9t napja m\u00e9g arr\u00f3l sz\u00e1molhattunk be, hogy ism\u00e9t kor\u00e1bbi csapat\u00e1val, a DVSC-vel k\u00e9sz\u00fcl Varga Kevin, aki az \u0151sszel a t\u00f6r\u00f6k Hataysporban futballozott, \u00e9s t\u00e1vozni szeretne klubj\u00e1t\u00f3l, miut\u00e1n csup\u00e1n 11 m\u00e9rk\u0151z\u00e9sen l\u00e9pett p\u00e1ly\u00e1ra.<br><br>Varga kev\u00e9s j\u00e1t\u00e9klehet\u0151s\u00e9get kapott a bennmarad\u00e1s\u00e9rt harcol\u00f3 csapatban, ez\u00e9rt nem is tart\u00f3zkodott m\u00e1r T\u00f6r\u00f6korsz\u00e1gban a m\u00falt heti f\u00f6ldreng\u00e9s idej\u00e9n, amely ut\u00e1n elt\u0171nt gh\u00e1nai csapatt\u00e1rsa, Christian Atsu \u00e9s a klub sportigazgat\u00f3ja, Taner Savut is.<br><br>Varga t\u00e1voz\u00e1s\u00e1t n\u00e9mik\u00e9pp megk\u00f6nny\u00edtette, hogy a term\u00e9szeti katasztr\u00f3fa miatt a Hatayspor bejelentette, visszal\u00e9p a bajnoks\u00e1gt\u00f3l \u2013 ezt ut\u00f3bb a Gaziantep is megtette.<br><br><em>\u201eMozgalmas id\u0151szak van m\u00f6g\u00f6ttem, m\u00e1r janu\u00e1r \u00f3ta itthon vagyok. Az biztos volt, hogy klubot v\u00e1ltok a kev\u00e9s j\u00e1t\u00e9klehet\u0151s\u00e9g miatt, \u00e1m elh\u00faz\u00f3dott a meg\u00e1llapod\u00e1s, \u00e9s megt\u00f6rt\u00e9nt ez a trag\u00e9dia, amir\u0151l nagyon neh\u00e9z besz\u00e9lni. Atsu \u00e9s a sportigazgat\u00f3 m\u00e9g mindig nem ker\u00fclt el\u0151 a romok al\u00f3l, \u00e9s megtal\u00e1l\u00e1sukhoz m\u00e1r nagyon kev\u00e9s rem\u00e9nyt f\u0171znek. Ami engem illett, a Hatayspor el\u0151tt a Kasimpas\u00e1n\u00e1l sem kaptam rendszeres j\u00e1t\u00e9klehet\u0151s\u00e9get, ez\u00e9rt most ez volt a f\u0151 szempontom. \u00d6r\u00fcl\u00f6k, hogy itt lehetek a DVSC-n\u00e9l, sz\u00e9p eml\u00e9kek f\u0171znek ide&#8221;<\/em>&nbsp;\u2013 fogalmazott Varga m\u00e9g szerd\u00e1n a klub hivatalos oldal\u00e1n tal\u00e1lhat\u00f3 vide\u00f3ban, amelyben azt is elmondta: rajta k\u00edv\u00fcl \u00e1ll\u00f3 dolgokon m\u00falik, hogy ism\u00e9t a debreceniek j\u00e1t\u00e9kosa legyen.<\/p>\n\n\n\n<p>A jelek szerint az akad\u00e1lyok cs\u00fct\u00f6rt\u00f6kre elh\u00e1rultak, \u00edgy a 26 \u00e9ves sz\u00e9ls\u0151 ism\u00e9t a DVSC j\u00e1t\u00e9kosa lett, amelynek sz\u00edneiben a Transfermarkt adatai szerint eddig 113 m\u00e9rk\u0151z\u00e9sen szerepelt \u00e9s 12 g\u00f3lt szerzett.<\/p>\n\n\n\n<p>A klub hivatalos honlapja arr\u00f3l nem \u00edr, hogy Varga mennyi id\u0151re sz\u00f3l\u00f3 meg\u00e1llapod\u00e1st \u00edrt al\u00e1 a debreceniekkel, ahogy azt sem eml\u00edtik, hogy csup\u00e1n k\u00f6lcs\u00f6nbe vagy v\u00e9gleg \u00e9rkezett-e kor\u00e1bbi egyes\u00fclet\u00e9hez.<\/p>","protected":false},"excerpt":{"rendered":"<p>Igaznak bizonyultak a Nemzeti Sport k\u00e9t nappal ezel\u0151tti \u00e9rtes\u00fcl\u00e9sei, s val\u00f3ban ism\u00e9t a DVSC j\u00e1t\u00e9kosa lett a 13-szoros v\u00e1logatott sz\u00e9ls\u0151, Varga Kevin. A k\u00e9t \u00e9s f\u00e9l \u00e9v l\u00e9gi\u00f3skod\u00e1s ut\u00e1n a klubhoz visszat\u00e9r\u0151 26 \u00e9ves labdar\u00fag\u00f3 szerz\u0151dtet\u00e9s\u00e9r\u0151l az egyes\u00fclet hivatalos honlapja sz\u00e1molt be cs\u00fct\u00f6rt\u00f6k\u00f6n. K\u00e9t napja m\u00e9g arr\u00f3l sz\u00e1molhattunk be, hogy ism\u00e9t kor\u00e1bbi csapat\u00e1val, a DVSC-vel [&hellip;]<\/p>","protected":false},"author":4,"featured_media":918,"comment_status":"open","ping_status":"open","sticky":false,"template":"","format":"standard","meta":{"_et_pb_use_builder":"off","_et_pb_old_content":"","_et_gb_content_width":"","footnotes":""},"categories":[1],"tags":[],"yoast_head":"<!-- This site is optimized with the Yoast SEO plugin v23.1 - https:\/\/yoast.com\/wordpress\/plugins\/seo\/ -->\n<title>DVSC: Varga Kevin visszat\u00e9rt nevel\u0151egyes\u00fclet\u00e9hez \u2013 hivatalos - F-group<\/title>\n<meta name=\"robots\" content=\"index, follow, max-snippet:-1, max-image-preview:large, max-video-preview:-1\" \/>\n<link rel=\"canonical\" href=\"https:\/\/www.f-group.hu\/2023\/02\/16\/dvsc-varga-kevin-visszatert-neveloegyesuletehez-hivatalos\/\" \/>\n<meta property=\"og:locale\" content=\"hu_HU\" \/>\n<meta property=\"og:type\" content=\"article\" \/>\n<meta property=\"og:title\" content=\"DVSC: Varga Kevin visszat\u00e9rt nevel\u0151egyes\u00fclet\u00e9hez \u2013 hivatalos - F-group\" \/>\n<meta property=\"og:description\" content=\"Igaznak bizonyultak a Nemzeti Sport k\u00e9t nappal ezel\u0151tti \u00e9rtes\u00fcl\u00e9sei, s val\u00f3ban ism\u00e9t a DVSC j\u00e1t\u00e9kosa lett a 13-szoros v\u00e1logatott sz\u00e9ls\u0151, Varga Kevin. A k\u00e9t \u00e9s f\u00e9l \u00e9v l\u00e9gi\u00f3skod\u00e1s ut\u00e1n a klubhoz visszat\u00e9r\u0151 26 \u00e9ves labdar\u00fag\u00f3 szerz\u0151dtet\u00e9s\u00e9r\u0151l az egyes\u00fclet hivatalos honlapja sz\u00e1molt be cs\u00fct\u00f6rt\u00f6k\u00f6n. K\u00e9t napja m\u00e9g arr\u00f3l sz\u00e1molhattunk be, hogy ism\u00e9t kor\u00e1bbi csapat\u00e1val, a DVSC-vel [&hellip;]\" \/>\n<meta property=\"og:url\" content=\"https:\/\/www.f-group.hu\/2023\/02\/16\/dvsc-varga-kevin-visszatert-neveloegyesuletehez-hivatalos\/\" \/>\n<meta property=\"og:site_name\" content=\"F-group\" \/>\n<meta property=\"article:published_time\" content=\"2023-02-16T12:05:48+00:00\" \/>\n<meta property=\"article:modified_time\" content=\"2023-02-21T12:06:01+00:00\" \/>\n<meta property=\"og:image\" content=\"https:\/\/www.f-group.hu\/wp-content\/uploads\/2023\/02\/varga_k_960px.jpg\" \/>\n\t<meta property=\"og:image:width\" content=\"960\" \/>\n\t<meta property=\"og:image:height\" content=\"720\" \/>\n\t<meta property=\"og:image:type\" content=\"image\/jpeg\" \/>\n<meta name=\"author\" content=\"garanddesign\" \/>\n<meta name=\"twitter:card\" content=\"summary_large_image\" \/>\n<meta name=\"twitter:label1\" content=\"Szerz\u0151:\" \/>\n\t<meta name=\"twitter:data1\" content=\"garanddesign\" \/>\n\t<meta name=\"twitter:label2\" content=\"Becs\u00fclt olvas\u00e1si id\u0151\" \/>\n\t<meta name=\"twitter:data2\" content=\"2 perc\" \/>\n<script type=\"application\/ld+json\" class=\"yoast-schema-graph\">{\"@context\":\"https:\/\/schema.org\",\"@graph\":[{\"@type\":\"WebPage\",\"@id\":\"https:\/\/www.f-group.hu\/2023\/02\/16\/dvsc-varga-kevin-visszatert-neveloegyesuletehez-hivatalos\/\",\"url\":\"https:\/\/www.f-group.hu\/2023\/02\/16\/dvsc-varga-kevin-visszatert-neveloegyesuletehez-hivatalos\/\",\"name\":\"DVSC: Varga Kevin visszat\u00e9rt nevel\u0151egyes\u00fclet\u00e9hez \u2013 hivatalos - F-group\",\"isPartOf\":{\"@id\":\"https:\/\/www.f-group.hu\/#website\"},\"primaryImageOfPage\":{\"@id\":\"https:\/\/www.f-group.hu\/2023\/02\/16\/dvsc-varga-kevin-visszatert-neveloegyesuletehez-hivatalos\/#primaryimage\"},\"image\":{\"@id\":\"https:\/\/www.f-group.hu\/2023\/02\/16\/dvsc-varga-kevin-visszatert-neveloegyesuletehez-hivatalos\/#primaryimage\"},\"thumbnailUrl\":\"https:\/\/f-group.hu\/wp-content\/uploads\/2023\/02\/varga_k_960px.jpg\",\"datePublished\":\"2023-02-16T12:05:48+00:00\",\"dateModified\":\"2023-02-21T12:06:01+00:00\",\"author\":{\"@id\":\"https:\/\/www.f-group.hu\/#\/schema\/person\/d9e3f0aad33bb45b1f4a26abaddeb3c6\"},\"breadcrumb\":{\"@id\":\"https:\/\/www.f-group.hu\/2023\/02\/16\/dvsc-varga-kevin-visszatert-neveloegyesuletehez-hivatalos\/#breadcrumb\"},\"inLanguage\":\"hu\",\"potentialAction\":[{\"@type\":\"ReadAction\",\"target\":[\"https:\/\/www.f-group.hu\/2023\/02\/16\/dvsc-varga-kevin-visszatert-neveloegyesuletehez-hivatalos\/\"]}]},{\"@type\":\"ImageObject\",\"inLanguage\":\"hu\",\"@id\":\"https:\/\/www.f-group.hu\/2023\/02\/16\/dvsc-varga-kevin-visszatert-neveloegyesuletehez-hivatalos\/#primaryimage\",\"url\":\"https:\/\/f-group.hu\/wp-content\/uploads\/2023\/02\/varga_k_960px.jpg\",\"contentUrl\":\"https:\/\/f-group.hu\/wp-content\/uploads\/2023\/02\/varga_k_960px.jpg\",\"width\":960,\"height\":720},{\"@type\":\"BreadcrumbList\",\"@id\":\"https:\/\/www.f-group.hu\/2023\/02\/16\/dvsc-varga-kevin-visszatert-neveloegyesuletehez-hivatalos\/#breadcrumb\",\"itemListElement\":[{\"@type\":\"ListItem\",\"position\":1,\"name\":\"Home\",\"item\":\"https:\/\/f-group.hu\/\"},{\"@type\":\"ListItem\",\"position\":2,\"name\":\"DVSC: Varga Kevin visszat\u00e9rt nevel\u0151egyes\u00fclet\u00e9hez \u2013 hivatalos\"}]},{\"@type\":\"WebSite\",\"@id\":\"https:\/\/www.f-group.hu\/#website\",\"url\":\"https:\/\/www.f-group.hu\/\",\"name\":\"F-group\",\"description\":\"Professzion\u00e1lis j\u00e1t\u00e9kosmenedzsment\",\"potentialAction\":[{\"@type\":\"SearchAction\",\"target\":{\"@type\":\"EntryPoint\",\"urlTemplate\":\"https:\/\/www.f-group.hu\/?s={search_term_string}\"},\"query-input\":\"required name=search_term_string\"}],\"inLanguage\":\"hu\"},{\"@type\":\"Person\",\"@id\":\"https:\/\/www.f-group.hu\/#\/schema\/person\/d9e3f0aad33bb45b1f4a26abaddeb3c6\",\"name\":\"garanddesign\",\"image\":{\"@type\":\"ImageObject\",\"inLanguage\":\"hu\",\"@id\":\"https:\/\/www.f-group.hu\/#\/schema\/person\/image\/\",\"url\":\"https:\/\/secure.gravatar.com\/avatar\/ffbf9dcf27b7adbe0a7e413d1c0aff22?s=96&d=mm&r=g\",\"contentUrl\":\"https:\/\/secure.gravatar.com\/avatar\/ffbf9dcf27b7adbe0a7e413d1c0aff22?s=96&d=mm&r=g\",\"caption\":\"garanddesign\"},\"url\":\"https:\/\/f-group.hu\/hu\/author\/garanddesign\/\"}]}<\/script>\n<!-- \/ Yoast SEO plugin. -->","yoast_head_json":{"title":"DVSC: Varga Kevin visszat\u00e9rt nevel\u0151egyes\u00fclet\u00e9hez \u2013 hivatalos - F-group","robots":{"index":"index","follow":"follow","max-snippet":"max-snippet:-1","max-image-preview":"max-image-preview:large","max-video-preview":"max-video-preview:-1"},"canonical":"https:\/\/www.f-group.hu\/2023\/02\/16\/dvsc-varga-kevin-visszatert-neveloegyesuletehez-hivatalos\/","og_locale":"hu_HU","og_type":"article","og_title":"DVSC: Varga Kevin visszat\u00e9rt nevel\u0151egyes\u00fclet\u00e9hez \u2013 hivatalos - F-group","og_description":"Igaznak bizonyultak a Nemzeti Sport k\u00e9t nappal ezel\u0151tti \u00e9rtes\u00fcl\u00e9sei, s val\u00f3ban ism\u00e9t a DVSC j\u00e1t\u00e9kosa lett a 13-szoros v\u00e1logatott sz\u00e9ls\u0151, Varga Kevin. A k\u00e9t \u00e9s f\u00e9l \u00e9v l\u00e9gi\u00f3skod\u00e1s ut\u00e1n a klubhoz visszat\u00e9r\u0151 26 \u00e9ves labdar\u00fag\u00f3 szerz\u0151dtet\u00e9s\u00e9r\u0151l az egyes\u00fclet hivatalos honlapja sz\u00e1molt be cs\u00fct\u00f6rt\u00f6k\u00f6n. K\u00e9t napja m\u00e9g arr\u00f3l sz\u00e1molhattunk be, hogy ism\u00e9t kor\u00e1bbi csapat\u00e1val, a DVSC-vel [&hellip;]","og_url":"https:\/\/www.f-group.hu\/2023\/02\/16\/dvsc-varga-kevin-visszatert-neveloegyesuletehez-hivatalos\/","og_site_name":"F-group","article_published_time":"2023-02-16T12:05:48+00:00","article_modified_time":"2023-02-21T12:06:01+00:00","og_image":[{"width":960,"height":720,"url":"https:\/\/www.f-group.hu\/wp-content\/uploads\/2023\/02\/varga_k_960px.jpg","type":"image\/jpeg"}],"author":"garanddesign","twitter_card":"summary_large_image","twitter_misc":{"Szerz\u0151:":"garanddesign","Becs\u00fclt olvas\u00e1si id\u0151":"2 perc"},"schema":{"@context":"https:\/\/schema.org","@graph":[{"@type":"WebPage","@id":"https:\/\/www.f-group.hu\/2023\/02\/16\/dvsc-varga-kevin-visszatert-neveloegyesuletehez-hivatalos\/","url":"https:\/\/www.f-group.hu\/2023\/02\/16\/dvsc-varga-kevin-visszatert-neveloegyesuletehez-hivatalos\/","name":"DVSC: Varga Kevin visszat\u00e9rt nevel\u0151egyes\u00fclet\u00e9hez \u2013 hivatalos - F-group","isPartOf":{"@id":"https:\/\/www.f-group.hu\/#website"},"primaryImageOfPage":{"@id":"https:\/\/www.f-group.hu\/2023\/02\/16\/dvsc-varga-kevin-visszatert-neveloegyesuletehez-hivatalos\/#primaryimage"},"image":{"@id":"https:\/\/www.f-group.hu\/2023\/02\/16\/dvsc-varga-kevin-visszatert-neveloegyesuletehez-hivatalos\/#primaryimage"},"thumbnailUrl":"https:\/\/f-group.hu\/wp-content\/uploads\/2023\/02\/varga_k_960px.jpg","datePublished":"2023-02-16T12:05:48+00:00","dateModified":"2023-02-21T12:06:01+00:00","author":{"@id":"https:\/\/www.f-group.hu\/#\/schema\/person\/d9e3f0aad33bb45b1f4a26abaddeb3c6"},"breadcrumb":{"@id":"https:\/\/www.f-group.hu\/2023\/02\/16\/dvsc-varga-kevin-visszatert-neveloegyesuletehez-hivatalos\/#breadcrumb"},"inLanguage":"hu","potentialAction":[{"@type":"ReadAction","target":["https:\/\/www.f-group.hu\/2023\/02\/16\/dvsc-varga-kevin-visszatert-neveloegyesuletehez-hivatalos\/"]}]},{"@type":"ImageObject","inLanguage":"hu","@id":"https:\/\/www.f-group.hu\/2023\/02\/16\/dvsc-varga-kevin-visszatert-neveloegyesuletehez-hivatalos\/#primaryimage","url":"https:\/\/f-group.hu\/wp-content\/uploads\/2023\/02\/varga_k_960px.jpg","contentUrl":"https:\/\/f-group.hu\/wp-content\/uploads\/2023\/02\/varga_k_960px.jpg","width":960,"height":720},{"@type":"BreadcrumbList","@id":"https:\/\/www.f-group.hu\/2023\/02\/16\/dvsc-varga-kevin-visszatert-neveloegyesuletehez-hivatalos\/#breadcrumb","itemListElement":[{"@type":"ListItem","position":1,"name":"Home","item":"https:\/\/f-group.hu\/"},{"@type":"ListItem","position":2,"name":"DVSC: Varga Kevin visszat\u00e9rt nevel\u0151egyes\u00fclet\u00e9hez \u2013 hivatalos"}]},{"@type":"WebSite","@id":"https:\/\/www.f-group.hu\/#website","url":"https:\/\/www.f-group.hu\/","name":"F-group","description":"Professzion\u00e1lis j\u00e1t\u00e9kosmenedzsment","potentialAction":[{"@type":"SearchAction","target":{"@type":"EntryPoint","urlTemplate":"https:\/\/www.f-group.hu\/?s={search_term_string}"},"query-input":"required name=search_term_string"}],"inLanguage":"hu"},{"@type":"Person","@id":"https:\/\/www.f-group.hu\/#\/schema\/person\/d9e3f0aad33bb45b1f4a26abaddeb3c6","name":"garanddesign","image":{"@type":"ImageObject","inLanguage":"hu","@id":"https:\/\/www.f-group.hu\/#\/schema\/person\/image\/","url":"https:\/\/secure.gravatar.com\/avatar\/ffbf9dcf27b7adbe0a7e413d1c0aff22?s=96&d=mm&r=g","contentUrl":"https:\/\/secure.gravatar.com\/avatar\/ffbf9dcf27b7adbe0a7e413d1c0aff22?s=96&d=mm&r=g","caption":"garanddesign"},"url":"https:\/\/f-group.hu\/hu\/author\/garanddesign\/"}]}},"jetpack_featured_media_url":"https:\/\/f-group.hu\/wp-content\/uploads\/2023\/02\/varga_k_960px.jpg","_links":{"self":[{"href":"https:\/\/f-group.hu\/hu\/wp-json\/wp\/v2\/posts\/917"}],"collection":[{"href":"https:\/\/f-group.hu\/hu\/wp-json\/wp\/v2\/posts"}],"about":[{"href":"https:\/\/f-group.hu\/hu\/wp-json\/wp\/v2\/types\/post"}],"author":[{"embeddable":true,"href":"https:\/\/f-group.hu\/hu\/wp-json\/wp\/v2\/users\/4"}],"replies":[{"embeddable":true,"href":"https:\/\/f-group.hu\/hu\/wp-json\/wp\/v2\/comments?post=917"}],"version-history":[{"count":1,"href":"https:\/\/f-group.hu\/hu\/wp-json\/wp\/v2\/posts\/917\/revisions"}],"predecessor-version":[{"id":919,"href":"https:\/\/f-group.hu\/hu\/wp-json\/wp\/v2\/posts\/917\/revisions\/919"}],"wp:featuredmedia":[{"embeddable":true,"href":"https:\/\/f-group.hu\/hu\/wp-json\/wp\/v2\/media\/918"}],"wp:attachment":[{"href":"https:\/\/f-group.hu\/hu\/wp-json\/wp\/v2\/media?parent=917"}],"wp:term":[{"taxonomy":"category","embeddable":true,"href":"https:\/\/f-group.hu\/hu\/wp-json\/wp\/v2\/categories?post=917"},{"taxonomy":"post_tag","embeddable":true,"href":"https:\/\/f-group.hu\/hu\/wp-json\/wp\/v2\/tags?post=917"}],"curies":[{"name":"wp","href":"https:\/\/api.w.org\/{rel}","templated":true}]}}