{"id":923,"date":"2023-01-26T12:08:55","date_gmt":"2023-01-26T12:08:55","guid":{"rendered":"https:\/\/f-group.hu\/?p=923"},"modified":"2023-02-21T12:09:28","modified_gmt":"2023-02-21T12:09:28","slug":"nb-i-hosszabbitott-eszakmacedon-legiosaval-a-mezokovesd","status":"publish","type":"post","link":"https:\/\/f-group.hu\/hu\/2023\/01\/26\/nb-i-hosszabbitott-eszakmacedon-legiosaval-a-mezokovesd\/","title":{"rendered":"NB I: hosszabb\u00edtott \u00e9szakmaced\u00f3n l\u00e9gi\u00f3s\u00e1val a Mez\u0151k\u00f6vesd"},"content":{"rendered":"<p>Tov\u00e1bbra is Mez\u0151k\u00f6vesden folytatja p\u00e1lyafut\u00e1s\u00e1t David Babunszki<\/p>\n\n\n\n<p>K\u00e9t \u00e9s f\u00e9l \u00e9ves szerz\u0151d\u00e9st k\u00f6t\u00f6tt \u00e9szakmaced\u00f3n l\u00e9gi\u00f3s\u00e1val, David Babunszkival a Mez\u0151k\u00f6vesd. A klub honlapj\u00e1nak besz\u00e1mol\u00f3ja szerint a k\u00f6z\u00e9pp\u00e1ly\u00e1snak Lengyelorsz\u00e1gb\u00f3l \u00e9s az olasz m\u00e1sodoszt\u00e1lyb\u00f3l (Serie B) is voltak aj\u00e1nlatai, de a marad\u00e1s mellett d\u00f6nt\u00f6tt.<\/p>\n\n\n\n<p>Babunszki ebben az id\u00e9nyben nyolc alkalommal l\u00e9pett p\u00e1ly\u00e1ra az NB I-ben.<\/p>","protected":false},"excerpt":{"rendered":"<p>Tov\u00e1bbra is Mez\u0151k\u00f6vesden folytatja p\u00e1lyafut\u00e1s\u00e1t David Babunszki K\u00e9t \u00e9s f\u00e9l \u00e9ves szerz\u0151d\u00e9st k\u00f6t\u00f6tt \u00e9szakmaced\u00f3n l\u00e9gi\u00f3s\u00e1val, David Babunszkival a Mez\u0151k\u00f6vesd. A klub honlapj\u00e1nak besz\u00e1mol\u00f3ja szerint a k\u00f6z\u00e9pp\u00e1ly\u00e1snak Lengyelorsz\u00e1gb\u00f3l \u00e9s az olasz m\u00e1sodoszt\u00e1lyb\u00f3l (Serie B) is voltak aj\u00e1nlatai, de a marad\u00e1s mellett d\u00f6nt\u00f6tt. Babunszki ebben az id\u00e9nyben nyolc alkalommal l\u00e9pett p\u00e1ly\u00e1ra az NB I-ben.<\/p>","protected":false},"author":4,"featured_media":925,"comment_status":"open","ping_status":"open","sticky":false,"template":"","format":"standard","meta":{"_et_pb_use_builder":"off","_et_pb_old_content":"","_et_gb_content_width":"","footnotes":""},"categories":[1],"tags":[],"yoast_head":"<!-- This site is optimized with the Yoast SEO plugin v23.1 - https:\/\/yoast.com\/wordpress\/plugins\/seo\/ -->\n<title>NB I: hosszabb\u00edtott \u00e9szakmaced\u00f3n l\u00e9gi\u00f3s\u00e1val a Mez\u0151k\u00f6vesd - F-group<\/title>\n<meta name=\"robots\" content=\"index, follow, max-snippet:-1, max-image-preview:large, max-video-preview:-1\" \/>\n<link rel=\"canonical\" href=\"https:\/\/f-group.hu\/hu\/2023\/01\/26\/nb-i-hosszabbitott-eszakmacedon-legiosaval-a-mezokovesd\/\" \/>\n<meta property=\"og:locale\" content=\"hu_HU\" \/>\n<meta property=\"og:type\" content=\"article\" \/>\n<meta property=\"og:title\" content=\"NB I: hosszabb\u00edtott \u00e9szakmaced\u00f3n l\u00e9gi\u00f3s\u00e1val a Mez\u0151k\u00f6vesd - F-group\" \/>\n<meta property=\"og:description\" content=\"Tov\u00e1bbra is Mez\u0151k\u00f6vesden folytatja p\u00e1lyafut\u00e1s\u00e1t David Babunszki K\u00e9t \u00e9s f\u00e9l \u00e9ves szerz\u0151d\u00e9st k\u00f6t\u00f6tt \u00e9szakmaced\u00f3n l\u00e9gi\u00f3s\u00e1val, David Babunszkival a Mez\u0151k\u00f6vesd. A klub honlapj\u00e1nak besz\u00e1mol\u00f3ja szerint a k\u00f6z\u00e9pp\u00e1ly\u00e1snak Lengyelorsz\u00e1gb\u00f3l \u00e9s az olasz m\u00e1sodoszt\u00e1lyb\u00f3l (Serie B) is voltak aj\u00e1nlatai, de a marad\u00e1s mellett d\u00f6nt\u00f6tt. Babunszki ebben az id\u00e9nyben nyolc alkalommal l\u00e9pett p\u00e1ly\u00e1ra az NB I-ben.\" \/>\n<meta property=\"og:url\" content=\"https:\/\/f-group.hu\/hu\/2023\/01\/26\/nb-i-hosszabbitott-eszakmacedon-legiosaval-a-mezokovesd\/\" \/>\n<meta property=\"og:site_name\" content=\"F-group\" \/>\n<meta property=\"article:published_time\" content=\"2023-01-26T12:08:55+00:00\" \/>\n<meta property=\"article:modified_time\" content=\"2023-02-21T12:09:28+00:00\" \/>\n<meta property=\"og:image\" content=\"https:\/\/f-group.hu\/wp-content\/uploads\/2023\/02\/327279015_863214014800414_8746369070419471855_n.jpg\" \/>\n\t<meta property=\"og:image:width\" content=\"526\" \/>\n\t<meta property=\"og:image:height\" content=\"526\" \/>\n\t<meta property=\"og:image:type\" content=\"image\/jpeg\" \/>\n<meta name=\"author\" content=\"garanddesign\" \/>\n<meta name=\"twitter:card\" content=\"summary_large_image\" \/>\n<meta name=\"twitter:label1\" content=\"Szerz\u0151:\" \/>\n\t<meta name=\"twitter:data1\" content=\"garanddesign\" \/>\n\t<meta name=\"twitter:label2\" content=\"Becs\u00fclt olvas\u00e1si id\u0151\" \/>\n\t<meta name=\"twitter:data2\" content=\"1 perc\" \/>\n<script type=\"application\/ld+json\" class=\"yoast-schema-graph\">{\"@context\":\"https:\/\/schema.org\",\"@graph\":[{\"@type\":\"WebPage\",\"@id\":\"https:\/\/f-group.hu\/hu\/2023\/01\/26\/nb-i-hosszabbitott-eszakmacedon-legiosaval-a-mezokovesd\/\",\"url\":\"https:\/\/f-group.hu\/hu\/2023\/01\/26\/nb-i-hosszabbitott-eszakmacedon-legiosaval-a-mezokovesd\/\",\"name\":\"NB I: hosszabb\u00edtott \u00e9szakmaced\u00f3n l\u00e9gi\u00f3s\u00e1val a Mez\u0151k\u00f6vesd - F-group\",\"isPartOf\":{\"@id\":\"https:\/\/www.f-group.hu\/#website\"},\"primaryImageOfPage\":{\"@id\":\"https:\/\/f-group.hu\/hu\/2023\/01\/26\/nb-i-hosszabbitott-eszakmacedon-legiosaval-a-mezokovesd\/#primaryimage\"},\"image\":{\"@id\":\"https:\/\/f-group.hu\/hu\/2023\/01\/26\/nb-i-hosszabbitott-eszakmacedon-legiosaval-a-mezokovesd\/#primaryimage\"},\"thumbnailUrl\":\"https:\/\/f-group.hu\/wp-content\/uploads\/2023\/02\/327279015_863214014800414_8746369070419471855_n.jpg\",\"datePublished\":\"2023-01-26T12:08:55+00:00\",\"dateModified\":\"2023-02-21T12:09:28+00:00\",\"author\":{\"@id\":\"https:\/\/www.f-group.hu\/#\/schema\/person\/d9e3f0aad33bb45b1f4a26abaddeb3c6\"},\"breadcrumb\":{\"@id\":\"https:\/\/f-group.hu\/hu\/2023\/01\/26\/nb-i-hosszabbitott-eszakmacedon-legiosaval-a-mezokovesd\/#breadcrumb\"},\"inLanguage\":\"hu\",\"potentialAction\":[{\"@type\":\"ReadAction\",\"target\":[\"https:\/\/f-group.hu\/hu\/2023\/01\/26\/nb-i-hosszabbitott-eszakmacedon-legiosaval-a-mezokovesd\/\"]}]},{\"@type\":\"ImageObject\",\"inLanguage\":\"hu\",\"@id\":\"https:\/\/f-group.hu\/hu\/2023\/01\/26\/nb-i-hosszabbitott-eszakmacedon-legiosaval-a-mezokovesd\/#primaryimage\",\"url\":\"https:\/\/f-group.hu\/wp-content\/uploads\/2023\/02\/327279015_863214014800414_8746369070419471855_n.jpg\",\"contentUrl\":\"https:\/\/f-group.hu\/wp-content\/uploads\/2023\/02\/327279015_863214014800414_8746369070419471855_n.jpg\",\"width\":526,\"height\":526},{\"@type\":\"BreadcrumbList\",\"@id\":\"https:\/\/f-group.hu\/hu\/2023\/01\/26\/nb-i-hosszabbitott-eszakmacedon-legiosaval-a-mezokovesd\/#breadcrumb\",\"itemListElement\":[{\"@type\":\"ListItem\",\"position\":1,\"name\":\"Home\",\"item\":\"https:\/\/f-group.hu\/\"},{\"@type\":\"ListItem\",\"position\":2,\"name\":\"NB I: hosszabb\u00edtott \u00e9szakmaced\u00f3n l\u00e9gi\u00f3s\u00e1val a Mez\u0151k\u00f6vesd\"}]},{\"@type\":\"WebSite\",\"@id\":\"https:\/\/www.f-group.hu\/#website\",\"url\":\"https:\/\/www.f-group.hu\/\",\"name\":\"F-group\",\"description\":\"Professzion\u00e1lis j\u00e1t\u00e9kosmenedzsment\",\"potentialAction\":[{\"@type\":\"SearchAction\",\"target\":{\"@type\":\"EntryPoint\",\"urlTemplate\":\"https:\/\/www.f-group.hu\/?s={search_term_string}\"},\"query-input\":\"required name=search_term_string\"}],\"inLanguage\":\"hu\"},{\"@type\":\"Person\",\"@id\":\"https:\/\/www.f-group.hu\/#\/schema\/person\/d9e3f0aad33bb45b1f4a26abaddeb3c6\",\"name\":\"garanddesign\",\"image\":{\"@type\":\"ImageObject\",\"inLanguage\":\"hu\",\"@id\":\"https:\/\/www.f-group.hu\/#\/schema\/person\/image\/\",\"url\":\"https:\/\/secure.gravatar.com\/avatar\/ffbf9dcf27b7adbe0a7e413d1c0aff22?s=96&d=mm&r=g\",\"contentUrl\":\"https:\/\/secure.gravatar.com\/avatar\/ffbf9dcf27b7adbe0a7e413d1c0aff22?s=96&d=mm&r=g\",\"caption\":\"garanddesign\"},\"url\":\"https:\/\/f-group.hu\/hu\/author\/garanddesign\/\"}]}<\/script>\n<!-- \/ Yoast SEO plugin. -->","yoast_head_json":{"title":"NB I: hosszabb\u00edtott \u00e9szakmaced\u00f3n l\u00e9gi\u00f3s\u00e1val a Mez\u0151k\u00f6vesd - F-group","robots":{"index":"index","follow":"follow","max-snippet":"max-snippet:-1","max-image-preview":"max-image-preview:large","max-video-preview":"max-video-preview:-1"},"canonical":"https:\/\/f-group.hu\/hu\/2023\/01\/26\/nb-i-hosszabbitott-eszakmacedon-legiosaval-a-mezokovesd\/","og_locale":"hu_HU","og_type":"article","og_title":"NB I: hosszabb\u00edtott \u00e9szakmaced\u00f3n l\u00e9gi\u00f3s\u00e1val a Mez\u0151k\u00f6vesd - F-group","og_description":"Tov\u00e1bbra is Mez\u0151k\u00f6vesden folytatja p\u00e1lyafut\u00e1s\u00e1t David Babunszki K\u00e9t \u00e9s f\u00e9l \u00e9ves szerz\u0151d\u00e9st k\u00f6t\u00f6tt \u00e9szakmaced\u00f3n l\u00e9gi\u00f3s\u00e1val, David Babunszkival a Mez\u0151k\u00f6vesd. A klub honlapj\u00e1nak besz\u00e1mol\u00f3ja szerint a k\u00f6z\u00e9pp\u00e1ly\u00e1snak Lengyelorsz\u00e1gb\u00f3l \u00e9s az olasz m\u00e1sodoszt\u00e1lyb\u00f3l (Serie B) is voltak aj\u00e1nlatai, de a marad\u00e1s mellett d\u00f6nt\u00f6tt. Babunszki ebben az id\u00e9nyben nyolc alkalommal l\u00e9pett p\u00e1ly\u00e1ra az NB I-ben.","og_url":"https:\/\/f-group.hu\/hu\/2023\/01\/26\/nb-i-hosszabbitott-eszakmacedon-legiosaval-a-mezokovesd\/","og_site_name":"F-group","article_published_time":"2023-01-26T12:08:55+00:00","article_modified_time":"2023-02-21T12:09:28+00:00","og_image":[{"width":526,"height":526,"url":"https:\/\/f-group.hu\/wp-content\/uploads\/2023\/02\/327279015_863214014800414_8746369070419471855_n.jpg","type":"image\/jpeg"}],"author":"garanddesign","twitter_card":"summary_large_image","twitter_misc":{"Szerz\u0151:":"garanddesign","Becs\u00fclt olvas\u00e1si id\u0151":"1 perc"},"schema":{"@context":"https:\/\/schema.org","@graph":[{"@type":"WebPage","@id":"https:\/\/f-group.hu\/hu\/2023\/01\/26\/nb-i-hosszabbitott-eszakmacedon-legiosaval-a-mezokovesd\/","url":"https:\/\/f-group.hu\/hu\/2023\/01\/26\/nb-i-hosszabbitott-eszakmacedon-legiosaval-a-mezokovesd\/","name":"NB I: hosszabb\u00edtott \u00e9szakmaced\u00f3n l\u00e9gi\u00f3s\u00e1val a Mez\u0151k\u00f6vesd - F-group","isPartOf":{"@id":"https:\/\/www.f-group.hu\/#website"},"primaryImageOfPage":{"@id":"https:\/\/f-group.hu\/hu\/2023\/01\/26\/nb-i-hosszabbitott-eszakmacedon-legiosaval-a-mezokovesd\/#primaryimage"},"image":{"@id":"https:\/\/f-group.hu\/hu\/2023\/01\/26\/nb-i-hosszabbitott-eszakmacedon-legiosaval-a-mezokovesd\/#primaryimage"},"thumbnailUrl":"https:\/\/f-group.hu\/wp-content\/uploads\/2023\/02\/327279015_863214014800414_8746369070419471855_n.jpg","datePublished":"2023-01-26T12:08:55+00:00","dateModified":"2023-02-21T12:09:28+00:00","author":{"@id":"https:\/\/www.f-group.hu\/#\/schema\/person\/d9e3f0aad33bb45b1f4a26abaddeb3c6"},"breadcrumb":{"@id":"https:\/\/f-group.hu\/hu\/2023\/01\/26\/nb-i-hosszabbitott-eszakmacedon-legiosaval-a-mezokovesd\/#breadcrumb"},"inLanguage":"hu","potentialAction":[{"@type":"ReadAction","target":["https:\/\/f-group.hu\/hu\/2023\/01\/26\/nb-i-hosszabbitott-eszakmacedon-legiosaval-a-mezokovesd\/"]}]},{"@type":"ImageObject","inLanguage":"hu","@id":"https:\/\/f-group.hu\/hu\/2023\/01\/26\/nb-i-hosszabbitott-eszakmacedon-legiosaval-a-mezokovesd\/#primaryimage","url":"https:\/\/f-group.hu\/wp-content\/uploads\/2023\/02\/327279015_863214014800414_8746369070419471855_n.jpg","contentUrl":"https:\/\/f-group.hu\/wp-content\/uploads\/2023\/02\/327279015_863214014800414_8746369070419471855_n.jpg","width":526,"height":526},{"@type":"BreadcrumbList","@id":"https:\/\/f-group.hu\/hu\/2023\/01\/26\/nb-i-hosszabbitott-eszakmacedon-legiosaval-a-mezokovesd\/#breadcrumb","itemListElement":[{"@type":"ListItem","position":1,"name":"Home","item":"https:\/\/f-group.hu\/"},{"@type":"ListItem","position":2,"name":"NB I: hosszabb\u00edtott \u00e9szakmaced\u00f3n l\u00e9gi\u00f3s\u00e1val a Mez\u0151k\u00f6vesd"}]},{"@type":"WebSite","@id":"https:\/\/www.f-group.hu\/#website","url":"https:\/\/www.f-group.hu\/","name":"F-group","description":"Professzion\u00e1lis j\u00e1t\u00e9kosmenedzsment","potentialAction":[{"@type":"SearchAction","target":{"@type":"EntryPoint","urlTemplate":"https:\/\/www.f-group.hu\/?s={search_term_string}"},"query-input":"required name=search_term_string"}],"inLanguage":"hu"},{"@type":"Person","@id":"https:\/\/www.f-group.hu\/#\/schema\/person\/d9e3f0aad33bb45b1f4a26abaddeb3c6","name":"garanddesign","image":{"@type":"ImageObject","inLanguage":"hu","@id":"https:\/\/www.f-group.hu\/#\/schema\/person\/image\/","url":"https:\/\/secure.gravatar.com\/avatar\/ffbf9dcf27b7adbe0a7e413d1c0aff22?s=96&d=mm&r=g","contentUrl":"https:\/\/secure.gravatar.com\/avatar\/ffbf9dcf27b7adbe0a7e413d1c0aff22?s=96&d=mm&r=g","caption":"garanddesign"},"url":"https:\/\/f-group.hu\/hu\/author\/garanddesign\/"}]}},"jetpack_featured_media_url":"https:\/\/f-group.hu\/wp-content\/uploads\/2023\/02\/327279015_863214014800414_8746369070419471855_n.jpg","_links":{"self":[{"href":"https:\/\/f-group.hu\/hu\/wp-json\/wp\/v2\/posts\/923"}],"collection":[{"href":"https:\/\/f-group.hu\/hu\/wp-json\/wp\/v2\/posts"}],"about":[{"href":"https:\/\/f-group.hu\/hu\/wp-json\/wp\/v2\/types\/post"}],"author":[{"embeddable":true,"href":"https:\/\/f-group.hu\/hu\/wp-json\/wp\/v2\/users\/4"}],"replies":[{"embeddable":true,"href":"https:\/\/f-group.hu\/hu\/wp-json\/wp\/v2\/comments?post=923"}],"version-history":[{"count":1,"href":"https:\/\/f-group.hu\/hu\/wp-json\/wp\/v2\/posts\/923\/revisions"}],"predecessor-version":[{"id":924,"href":"https:\/\/f-group.hu\/hu\/wp-json\/wp\/v2\/posts\/923\/revisions\/924"}],"wp:featuredmedia":[{"embeddable":true,"href":"https:\/\/f-group.hu\/hu\/wp-json\/wp\/v2\/media\/925"}],"wp:attachment":[{"href":"https:\/\/f-group.hu\/hu\/wp-json\/wp\/v2\/media?parent=923"}],"wp:term":[{"taxonomy":"category","embeddable":true,"href":"https:\/\/f-group.hu\/hu\/wp-json\/wp\/v2\/categories?post=923"},{"taxonomy":"post_tag","embeddable":true,"href":"https:\/\/f-group.hu\/hu\/wp-json\/wp\/v2\/tags?post=923"}],"curies":[{"name":"wp","href":"https:\/\/api.w.org\/{rel}","templated":true}]}}