{"id":932,"date":"2022-12-26T12:12:40","date_gmt":"2022-12-26T12:12:40","guid":{"rendered":"https:\/\/f-group.hu\/?p=932"},"modified":"2023-02-21T12:13:18","modified_gmt":"2023-02-21T12:13:18","slug":"legiosok-gyurcso-adam-hosszabbitott-ciprusi-csapataval-hivatalos","status":"publish","type":"post","link":"https:\/\/f-group.hu\/hu\/2022\/12\/26\/legiosok-gyurcso-adam-hosszabbitott-ciprusi-csapataval-hivatalos\/","title":{"rendered":"L\u00e9gi\u00f3sok: Gyurcs\u00f3 \u00c1d\u00e1m hosszabb\u00edtott ciprusi csapat\u00e1val \u2013 hivatalos"},"content":{"rendered":"<p>A ciprusi AEK Larnaca hivatalos fel\u00fcletein jelentette be kar\u00e1csonykor, hogy k\u00e9t j\u00e1t\u00e9kosa szerz\u0151d\u00e9s\u00e9t is k\u00e9t \u00e9vvel meghosszabb\u00edtotta, k\u00f6zte a magyar v\u00e1logatott Gyurcs\u00f3 \u00c1d\u00e1m\u00e9t.<\/p>\n\n\n\n<p>A 20-szoros magyar v\u00e1logatott sz\u00e9ls\u0151 2021 nyar\u00e1n szerz\u0151d\u00f6tt a ciprusi \u00e9lcsapathoz, az AEK Larnac\u00e1hoz, amelyn\u00e9l 47 t\u00e9tmeccsen l\u00e9pett m\u00e1r p\u00e1ly\u00e1ra, ez id\u0151 alatt pedig 13 g\u00f3lt szerzett. A klub hivatalos k\u00f6zlem\u00e9nye szerint Gyurcs\u00f3 \u00c1d\u00e1m szerz\u0151d\u00e9s\u00e9t tov\u00e1bbi k\u00e9t \u00e9vvel hosszabb\u00edtott\u00e1k meg, vagyis a kontraktus imm\u00e1r 2025 nyar\u00e1ig sz\u00f3l.<\/p>\n\n\n\n<p><em><strong>\u201eNagyon \u00f6r\u00fcl\u00f6k az \u00faj szerz\u0151d\u00e9snek, mert remek\u00fcl \u00e9rzem magam itt. Nagyon j\u00f3 a csapat, j\u00f3 \u00faton haladunk, s van mi\u00e9rt k\u00fczden\u00fcnk. C\u00edmeket szeretn\u00e9nk nyerni!\u201d&nbsp;<\/strong><\/em>\u2013 mondta Gyurcs\u00f3 \u00c1d\u00e1m a klub honlapj\u00e1nak a hosszabb\u00edt\u00e1st k\u00f6vet\u0151en.<\/p>\n\n\n\n<p>Az AEK Larnaca nem csak a magyar v\u00e1logatott sz\u00e9ls\u0151vel, Gustavo Ledesszel is hosszabb\u00edtott.&nbsp;<\/p>","protected":false},"excerpt":{"rendered":"<p>A ciprusi AEK Larnaca hivatalos fel\u00fcletein jelentette be kar\u00e1csonykor, hogy k\u00e9t j\u00e1t\u00e9kosa szerz\u0151d\u00e9s\u00e9t is k\u00e9t \u00e9vvel meghosszabb\u00edtotta, k\u00f6zte a magyar v\u00e1logatott Gyurcs\u00f3 \u00c1d\u00e1m\u00e9t. A 20-szoros magyar v\u00e1logatott sz\u00e9ls\u0151 2021 nyar\u00e1n szerz\u0151d\u00f6tt a ciprusi \u00e9lcsapathoz, az AEK Larnac\u00e1hoz, amelyn\u00e9l 47 t\u00e9tmeccsen l\u00e9pett m\u00e1r p\u00e1ly\u00e1ra, ez id\u0151 alatt pedig 13 g\u00f3lt szerzett. A klub hivatalos k\u00f6zlem\u00e9nye szerint [&hellip;]<\/p>","protected":false},"author":4,"featured_media":933,"comment_status":"open","ping_status":"open","sticky":false,"template":"","format":"standard","meta":{"_et_pb_use_builder":"off","_et_pb_old_content":"","_et_gb_content_width":"","footnotes":""},"categories":[1],"tags":[],"yoast_head":"<!-- This site is optimized with the Yoast SEO plugin v23.1 - https:\/\/yoast.com\/wordpress\/plugins\/seo\/ -->\n<title>L\u00e9gi\u00f3sok: Gyurcs\u00f3 \u00c1d\u00e1m hosszabb\u00edtott ciprusi csapat\u00e1val \u2013 hivatalos - F-group<\/title>\n<meta name=\"robots\" content=\"index, follow, max-snippet:-1, max-image-preview:large, max-video-preview:-1\" \/>\n<link rel=\"canonical\" href=\"https:\/\/f-group.hu\/hu\/2022\/12\/26\/legiosok-gyurcso-adam-hosszabbitott-ciprusi-csapataval-hivatalos\/\" \/>\n<meta property=\"og:locale\" content=\"hu_HU\" \/>\n<meta property=\"og:type\" content=\"article\" \/>\n<meta property=\"og:title\" content=\"L\u00e9gi\u00f3sok: Gyurcs\u00f3 \u00c1d\u00e1m hosszabb\u00edtott ciprusi csapat\u00e1val \u2013 hivatalos - F-group\" \/>\n<meta property=\"og:description\" content=\"A ciprusi AEK Larnaca hivatalos fel\u00fcletein jelentette be kar\u00e1csonykor, hogy k\u00e9t j\u00e1t\u00e9kosa szerz\u0151d\u00e9s\u00e9t is k\u00e9t \u00e9vvel meghosszabb\u00edtotta, k\u00f6zte a magyar v\u00e1logatott Gyurcs\u00f3 \u00c1d\u00e1m\u00e9t. A 20-szoros magyar v\u00e1logatott sz\u00e9ls\u0151 2021 nyar\u00e1n szerz\u0151d\u00f6tt a ciprusi \u00e9lcsapathoz, az AEK Larnac\u00e1hoz, amelyn\u00e9l 47 t\u00e9tmeccsen l\u00e9pett m\u00e1r p\u00e1ly\u00e1ra, ez id\u0151 alatt pedig 13 g\u00f3lt szerzett. A klub hivatalos k\u00f6zlem\u00e9nye szerint [&hellip;]\" \/>\n<meta property=\"og:url\" content=\"https:\/\/f-group.hu\/hu\/2022\/12\/26\/legiosok-gyurcso-adam-hosszabbitott-ciprusi-csapataval-hivatalos\/\" \/>\n<meta property=\"og:site_name\" content=\"F-group\" \/>\n<meta property=\"article:published_time\" content=\"2022-12-26T12:12:40+00:00\" \/>\n<meta property=\"article:modified_time\" content=\"2023-02-21T12:13:18+00:00\" \/>\n<meta property=\"og:image\" content=\"https:\/\/f-group.hu\/wp-content\/uploads\/2023\/02\/GYUR_960px.jpg\" \/>\n\t<meta property=\"og:image:width\" content=\"960\" \/>\n\t<meta property=\"og:image:height\" content=\"639\" \/>\n\t<meta property=\"og:image:type\" content=\"image\/jpeg\" \/>\n<meta name=\"author\" content=\"garanddesign\" \/>\n<meta name=\"twitter:card\" content=\"summary_large_image\" \/>\n<meta name=\"twitter:label1\" content=\"Szerz\u0151:\" \/>\n\t<meta name=\"twitter:data1\" content=\"garanddesign\" \/>\n\t<meta name=\"twitter:label2\" content=\"Becs\u00fclt olvas\u00e1si id\u0151\" \/>\n\t<meta name=\"twitter:data2\" content=\"1 perc\" \/>\n<script type=\"application\/ld+json\" class=\"yoast-schema-graph\">{\"@context\":\"https:\/\/schema.org\",\"@graph\":[{\"@type\":\"WebPage\",\"@id\":\"https:\/\/f-group.hu\/hu\/2022\/12\/26\/legiosok-gyurcso-adam-hosszabbitott-ciprusi-csapataval-hivatalos\/\",\"url\":\"https:\/\/f-group.hu\/hu\/2022\/12\/26\/legiosok-gyurcso-adam-hosszabbitott-ciprusi-csapataval-hivatalos\/\",\"name\":\"L\u00e9gi\u00f3sok: Gyurcs\u00f3 \u00c1d\u00e1m hosszabb\u00edtott ciprusi csapat\u00e1val \u2013 hivatalos - F-group\",\"isPartOf\":{\"@id\":\"https:\/\/www.f-group.hu\/#website\"},\"primaryImageOfPage\":{\"@id\":\"https:\/\/f-group.hu\/hu\/2022\/12\/26\/legiosok-gyurcso-adam-hosszabbitott-ciprusi-csapataval-hivatalos\/#primaryimage\"},\"image\":{\"@id\":\"https:\/\/f-group.hu\/hu\/2022\/12\/26\/legiosok-gyurcso-adam-hosszabbitott-ciprusi-csapataval-hivatalos\/#primaryimage\"},\"thumbnailUrl\":\"https:\/\/f-group.hu\/wp-content\/uploads\/2023\/02\/GYUR_960px.jpg\",\"datePublished\":\"2022-12-26T12:12:40+00:00\",\"dateModified\":\"2023-02-21T12:13:18+00:00\",\"author\":{\"@id\":\"https:\/\/www.f-group.hu\/#\/schema\/person\/d9e3f0aad33bb45b1f4a26abaddeb3c6\"},\"breadcrumb\":{\"@id\":\"https:\/\/f-group.hu\/hu\/2022\/12\/26\/legiosok-gyurcso-adam-hosszabbitott-ciprusi-csapataval-hivatalos\/#breadcrumb\"},\"inLanguage\":\"hu\",\"potentialAction\":[{\"@type\":\"ReadAction\",\"target\":[\"https:\/\/f-group.hu\/hu\/2022\/12\/26\/legiosok-gyurcso-adam-hosszabbitott-ciprusi-csapataval-hivatalos\/\"]}]},{\"@type\":\"ImageObject\",\"inLanguage\":\"hu\",\"@id\":\"https:\/\/f-group.hu\/hu\/2022\/12\/26\/legiosok-gyurcso-adam-hosszabbitott-ciprusi-csapataval-hivatalos\/#primaryimage\",\"url\":\"https:\/\/f-group.hu\/wp-content\/uploads\/2023\/02\/GYUR_960px.jpg\",\"contentUrl\":\"https:\/\/f-group.hu\/wp-content\/uploads\/2023\/02\/GYUR_960px.jpg\",\"width\":960,\"height\":639},{\"@type\":\"BreadcrumbList\",\"@id\":\"https:\/\/f-group.hu\/hu\/2022\/12\/26\/legiosok-gyurcso-adam-hosszabbitott-ciprusi-csapataval-hivatalos\/#breadcrumb\",\"itemListElement\":[{\"@type\":\"ListItem\",\"position\":1,\"name\":\"Home\",\"item\":\"https:\/\/f-group.hu\/\"},{\"@type\":\"ListItem\",\"position\":2,\"name\":\"L\u00e9gi\u00f3sok: Gyurcs\u00f3 \u00c1d\u00e1m hosszabb\u00edtott ciprusi csapat\u00e1val \u2013 hivatalos\"}]},{\"@type\":\"WebSite\",\"@id\":\"https:\/\/www.f-group.hu\/#website\",\"url\":\"https:\/\/www.f-group.hu\/\",\"name\":\"F-group\",\"description\":\"Professzion\u00e1lis j\u00e1t\u00e9kosmenedzsment\",\"potentialAction\":[{\"@type\":\"SearchAction\",\"target\":{\"@type\":\"EntryPoint\",\"urlTemplate\":\"https:\/\/www.f-group.hu\/?s={search_term_string}\"},\"query-input\":\"required name=search_term_string\"}],\"inLanguage\":\"hu\"},{\"@type\":\"Person\",\"@id\":\"https:\/\/www.f-group.hu\/#\/schema\/person\/d9e3f0aad33bb45b1f4a26abaddeb3c6\",\"name\":\"garanddesign\",\"image\":{\"@type\":\"ImageObject\",\"inLanguage\":\"hu\",\"@id\":\"https:\/\/www.f-group.hu\/#\/schema\/person\/image\/\",\"url\":\"https:\/\/secure.gravatar.com\/avatar\/ffbf9dcf27b7adbe0a7e413d1c0aff22?s=96&d=mm&r=g\",\"contentUrl\":\"https:\/\/secure.gravatar.com\/avatar\/ffbf9dcf27b7adbe0a7e413d1c0aff22?s=96&d=mm&r=g\",\"caption\":\"garanddesign\"},\"url\":\"https:\/\/f-group.hu\/hu\/author\/garanddesign\/\"}]}<\/script>\n<!-- \/ Yoast SEO plugin. -->","yoast_head_json":{"title":"L\u00e9gi\u00f3sok: Gyurcs\u00f3 \u00c1d\u00e1m hosszabb\u00edtott ciprusi csapat\u00e1val \u2013 hivatalos - F-group","robots":{"index":"index","follow":"follow","max-snippet":"max-snippet:-1","max-image-preview":"max-image-preview:large","max-video-preview":"max-video-preview:-1"},"canonical":"https:\/\/f-group.hu\/hu\/2022\/12\/26\/legiosok-gyurcso-adam-hosszabbitott-ciprusi-csapataval-hivatalos\/","og_locale":"hu_HU","og_type":"article","og_title":"L\u00e9gi\u00f3sok: Gyurcs\u00f3 \u00c1d\u00e1m hosszabb\u00edtott ciprusi csapat\u00e1val \u2013 hivatalos - F-group","og_description":"A ciprusi AEK Larnaca hivatalos fel\u00fcletein jelentette be kar\u00e1csonykor, hogy k\u00e9t j\u00e1t\u00e9kosa szerz\u0151d\u00e9s\u00e9t is k\u00e9t \u00e9vvel meghosszabb\u00edtotta, k\u00f6zte a magyar v\u00e1logatott Gyurcs\u00f3 \u00c1d\u00e1m\u00e9t. A 20-szoros magyar v\u00e1logatott sz\u00e9ls\u0151 2021 nyar\u00e1n szerz\u0151d\u00f6tt a ciprusi \u00e9lcsapathoz, az AEK Larnac\u00e1hoz, amelyn\u00e9l 47 t\u00e9tmeccsen l\u00e9pett m\u00e1r p\u00e1ly\u00e1ra, ez id\u0151 alatt pedig 13 g\u00f3lt szerzett. A klub hivatalos k\u00f6zlem\u00e9nye szerint [&hellip;]","og_url":"https:\/\/f-group.hu\/hu\/2022\/12\/26\/legiosok-gyurcso-adam-hosszabbitott-ciprusi-csapataval-hivatalos\/","og_site_name":"F-group","article_published_time":"2022-12-26T12:12:40+00:00","article_modified_time":"2023-02-21T12:13:18+00:00","og_image":[{"width":960,"height":639,"url":"https:\/\/f-group.hu\/wp-content\/uploads\/2023\/02\/GYUR_960px.jpg","type":"image\/jpeg"}],"author":"garanddesign","twitter_card":"summary_large_image","twitter_misc":{"Szerz\u0151:":"garanddesign","Becs\u00fclt olvas\u00e1si id\u0151":"1 perc"},"schema":{"@context":"https:\/\/schema.org","@graph":[{"@type":"WebPage","@id":"https:\/\/f-group.hu\/hu\/2022\/12\/26\/legiosok-gyurcso-adam-hosszabbitott-ciprusi-csapataval-hivatalos\/","url":"https:\/\/f-group.hu\/hu\/2022\/12\/26\/legiosok-gyurcso-adam-hosszabbitott-ciprusi-csapataval-hivatalos\/","name":"L\u00e9gi\u00f3sok: Gyurcs\u00f3 \u00c1d\u00e1m hosszabb\u00edtott ciprusi csapat\u00e1val \u2013 hivatalos - F-group","isPartOf":{"@id":"https:\/\/www.f-group.hu\/#website"},"primaryImageOfPage":{"@id":"https:\/\/f-group.hu\/hu\/2022\/12\/26\/legiosok-gyurcso-adam-hosszabbitott-ciprusi-csapataval-hivatalos\/#primaryimage"},"image":{"@id":"https:\/\/f-group.hu\/hu\/2022\/12\/26\/legiosok-gyurcso-adam-hosszabbitott-ciprusi-csapataval-hivatalos\/#primaryimage"},"thumbnailUrl":"https:\/\/f-group.hu\/wp-content\/uploads\/2023\/02\/GYUR_960px.jpg","datePublished":"2022-12-26T12:12:40+00:00","dateModified":"2023-02-21T12:13:18+00:00","author":{"@id":"https:\/\/www.f-group.hu\/#\/schema\/person\/d9e3f0aad33bb45b1f4a26abaddeb3c6"},"breadcrumb":{"@id":"https:\/\/f-group.hu\/hu\/2022\/12\/26\/legiosok-gyurcso-adam-hosszabbitott-ciprusi-csapataval-hivatalos\/#breadcrumb"},"inLanguage":"hu","potentialAction":[{"@type":"ReadAction","target":["https:\/\/f-group.hu\/hu\/2022\/12\/26\/legiosok-gyurcso-adam-hosszabbitott-ciprusi-csapataval-hivatalos\/"]}]},{"@type":"ImageObject","inLanguage":"hu","@id":"https:\/\/f-group.hu\/hu\/2022\/12\/26\/legiosok-gyurcso-adam-hosszabbitott-ciprusi-csapataval-hivatalos\/#primaryimage","url":"https:\/\/f-group.hu\/wp-content\/uploads\/2023\/02\/GYUR_960px.jpg","contentUrl":"https:\/\/f-group.hu\/wp-content\/uploads\/2023\/02\/GYUR_960px.jpg","width":960,"height":639},{"@type":"BreadcrumbList","@id":"https:\/\/f-group.hu\/hu\/2022\/12\/26\/legiosok-gyurcso-adam-hosszabbitott-ciprusi-csapataval-hivatalos\/#breadcrumb","itemListElement":[{"@type":"ListItem","position":1,"name":"Home","item":"https:\/\/f-group.hu\/"},{"@type":"ListItem","position":2,"name":"L\u00e9gi\u00f3sok: Gyurcs\u00f3 \u00c1d\u00e1m hosszabb\u00edtott ciprusi csapat\u00e1val \u2013 hivatalos"}]},{"@type":"WebSite","@id":"https:\/\/www.f-group.hu\/#website","url":"https:\/\/www.f-group.hu\/","name":"F-group","description":"Professzion\u00e1lis j\u00e1t\u00e9kosmenedzsment","potentialAction":[{"@type":"SearchAction","target":{"@type":"EntryPoint","urlTemplate":"https:\/\/www.f-group.hu\/?s={search_term_string}"},"query-input":"required name=search_term_string"}],"inLanguage":"hu"},{"@type":"Person","@id":"https:\/\/www.f-group.hu\/#\/schema\/person\/d9e3f0aad33bb45b1f4a26abaddeb3c6","name":"garanddesign","image":{"@type":"ImageObject","inLanguage":"hu","@id":"https:\/\/www.f-group.hu\/#\/schema\/person\/image\/","url":"https:\/\/secure.gravatar.com\/avatar\/ffbf9dcf27b7adbe0a7e413d1c0aff22?s=96&d=mm&r=g","contentUrl":"https:\/\/secure.gravatar.com\/avatar\/ffbf9dcf27b7adbe0a7e413d1c0aff22?s=96&d=mm&r=g","caption":"garanddesign"},"url":"https:\/\/f-group.hu\/hu\/author\/garanddesign\/"}]}},"jetpack_featured_media_url":"https:\/\/f-group.hu\/wp-content\/uploads\/2023\/02\/GYUR_960px.jpg","_links":{"self":[{"href":"https:\/\/f-group.hu\/hu\/wp-json\/wp\/v2\/posts\/932"}],"collection":[{"href":"https:\/\/f-group.hu\/hu\/wp-json\/wp\/v2\/posts"}],"about":[{"href":"https:\/\/f-group.hu\/hu\/wp-json\/wp\/v2\/types\/post"}],"author":[{"embeddable":true,"href":"https:\/\/f-group.hu\/hu\/wp-json\/wp\/v2\/users\/4"}],"replies":[{"embeddable":true,"href":"https:\/\/f-group.hu\/hu\/wp-json\/wp\/v2\/comments?post=932"}],"version-history":[{"count":1,"href":"https:\/\/f-group.hu\/hu\/wp-json\/wp\/v2\/posts\/932\/revisions"}],"predecessor-version":[{"id":934,"href":"https:\/\/f-group.hu\/hu\/wp-json\/wp\/v2\/posts\/932\/revisions\/934"}],"wp:featuredmedia":[{"embeddable":true,"href":"https:\/\/f-group.hu\/hu\/wp-json\/wp\/v2\/media\/933"}],"wp:attachment":[{"href":"https:\/\/f-group.hu\/hu\/wp-json\/wp\/v2\/media?parent=932"}],"wp:term":[{"taxonomy":"category","embeddable":true,"href":"https:\/\/f-group.hu\/hu\/wp-json\/wp\/v2\/categories?post=932"},{"taxonomy":"post_tag","embeddable":true,"href":"https:\/\/f-group.hu\/hu\/wp-json\/wp\/v2\/tags?post=932"}],"curies":[{"name":"wp","href":"https:\/\/api.w.org\/{rel}","templated":true}]}}