{"id":935,"date":"2023-01-29T12:14:07","date_gmt":"2023-01-29T12:14:07","guid":{"rendered":"https:\/\/f-group.hu\/?p=935"},"modified":"2023-02-21T12:14:22","modified_gmt":"2023-02-21T12:14:22","slug":"legiosok-megvan-a-magyar-valogatott-tamado-uj-klubja-hivatalos","status":"publish","type":"post","link":"https:\/\/f-group.hu\/hu\/2023\/01\/29\/legiosok-megvan-a-magyar-valogatott-tamado-uj-klubja-hivatalos\/","title":{"rendered":"L\u00e9gi\u00f3sok: megvan a magyar v\u00e1logatott t\u00e1mad\u00f3 \u00faj klubja \u2013 hivatalos"},"content":{"rendered":"<p>Mint arr\u00f3l helyi sajt\u00f3h\u00edrekre hivatkozva besz\u00e1moltunk, a ciprusi bajnoks\u00e1gban els\u0151 helyen \u00e1ll\u00f3, Gyurcs\u00f3 \u00c1d\u00e1mot is soraiban tud\u00f3 AEK Larnaca hivatalos honlapj\u00e1n sz\u00e1molt be r\u00f3la, hogy a 2022\u20132023-as id\u00e9ny v\u00e9g\u00e9ig sz\u00f3l\u00f3 szerz\u0151d\u00e9st k\u00f6t\u00f6tt a 43-szoros magyar v\u00e1logatott t\u00e1mad\u00f3val, a t\u00f6r\u00f6k m\u00e1sodoszt\u00e1ly\u00fa Pendiksporral decemberben szerz\u0151d\u00e9st bont\u00f3 Nikolics Nemanj\u00e1val.<\/p>\n\n\n\n<p>A 35 \u00e9ves magyar csat\u00e1r a Kaposv\u00e1r ut\u00e1n a Mol Feh\u00e9rv\u00e1r FC j\u00e1t\u00e9kosa lett, mellyel NB I-es g\u00f3lkir\u00e1lyi c\u00edmet \u00fcnnepelhetett, majd a Legia Warszaw\u00e1n\u00e1l a lengyel, a Chicago Fire-n\u00e9l pedig az amerikai \u00e9lvonal legjobb g\u00f3ll\u00f6v\u0151je lett. Nikolics a l\u00e9gi\u00f3skod\u00e1s ut\u00e1n visszat\u00e9rt a Fej\u00e9r megyeiekhez, \u00e1m augusztusban t\u00e1vozott Sz\u00e9kesfeh\u00e9rv\u00e1rr\u00f3l, s a t\u00f6r\u00f6k m\u00e1sodoszt\u00e1lyban szerepl\u0151, Ugrai Rolandot is soraiban tud\u00f3 Pendiksporhoz ker\u00fclt, de ott csak kilenc m\u00e9rk\u0151z\u00e9sen l\u00e9pett p\u00e1ly\u00e1ra, g\u00f3lt nem szerzett.<\/p>\n\n\n\n<p>Nikolics decemberben bontott szerz\u0151d\u00e9st a t\u00f6r\u00f6k\u00f6kkel, az\u00f3ta szabadon igazolhat\u00f3 volt, \u00e1m most az id\u00e9ny v\u00e9g\u00e9ig al\u00e1\u00edrt a szombaton megs\u00e9r\u00fcl\u0151 Gyurcs\u00f3 \u00c1d\u00e1m klubj\u00e1hoz, az AEK Larnac\u00e1hoz.<\/p>","protected":false},"excerpt":{"rendered":"<p>Mint arr\u00f3l helyi sajt\u00f3h\u00edrekre hivatkozva besz\u00e1moltunk, a ciprusi bajnoks\u00e1gban els\u0151 helyen \u00e1ll\u00f3, Gyurcs\u00f3 \u00c1d\u00e1mot is soraiban tud\u00f3 AEK Larnaca hivatalos honlapj\u00e1n sz\u00e1molt be r\u00f3la, hogy a 2022\u20132023-as id\u00e9ny v\u00e9g\u00e9ig sz\u00f3l\u00f3 szerz\u0151d\u00e9st k\u00f6t\u00f6tt a 43-szoros magyar v\u00e1logatott t\u00e1mad\u00f3val, a t\u00f6r\u00f6k m\u00e1sodoszt\u00e1ly\u00fa Pendiksporral decemberben szerz\u0151d\u00e9st bont\u00f3 Nikolics Nemanj\u00e1val. A 35 \u00e9ves magyar csat\u00e1r a Kaposv\u00e1r ut\u00e1n a [&hellip;]<\/p>","protected":false},"author":4,"featured_media":936,"comment_status":"open","ping_status":"open","sticky":false,"template":"","format":"standard","meta":{"_et_pb_use_builder":"off","_et_pb_old_content":"","_et_gb_content_width":"","footnotes":""},"categories":[1],"tags":[],"yoast_head":"<!-- This site is optimized with the Yoast SEO plugin v23.1 - https:\/\/yoast.com\/wordpress\/plugins\/seo\/ -->\n<title>L\u00e9gi\u00f3sok: megvan a magyar v\u00e1logatott t\u00e1mad\u00f3 \u00faj klubja \u2013 hivatalos - F-group<\/title>\n<meta name=\"robots\" content=\"index, follow, max-snippet:-1, max-image-preview:large, max-video-preview:-1\" \/>\n<link rel=\"canonical\" href=\"https:\/\/f-group.hu\/hu\/2023\/01\/29\/legiosok-megvan-a-magyar-valogatott-tamado-uj-klubja-hivatalos\/\" \/>\n<meta property=\"og:locale\" content=\"hu_HU\" \/>\n<meta property=\"og:type\" content=\"article\" \/>\n<meta property=\"og:title\" content=\"L\u00e9gi\u00f3sok: megvan a magyar v\u00e1logatott t\u00e1mad\u00f3 \u00faj klubja \u2013 hivatalos - F-group\" \/>\n<meta property=\"og:description\" content=\"Mint arr\u00f3l helyi sajt\u00f3h\u00edrekre hivatkozva besz\u00e1moltunk, a ciprusi bajnoks\u00e1gban els\u0151 helyen \u00e1ll\u00f3, Gyurcs\u00f3 \u00c1d\u00e1mot is soraiban tud\u00f3 AEK Larnaca hivatalos honlapj\u00e1n sz\u00e1molt be r\u00f3la, hogy a 2022\u20132023-as id\u00e9ny v\u00e9g\u00e9ig sz\u00f3l\u00f3 szerz\u0151d\u00e9st k\u00f6t\u00f6tt a 43-szoros magyar v\u00e1logatott t\u00e1mad\u00f3val, a t\u00f6r\u00f6k m\u00e1sodoszt\u00e1ly\u00fa Pendiksporral decemberben szerz\u0151d\u00e9st bont\u00f3 Nikolics Nemanj\u00e1val. A 35 \u00e9ves magyar csat\u00e1r a Kaposv\u00e1r ut\u00e1n a [&hellip;]\" \/>\n<meta property=\"og:url\" content=\"https:\/\/f-group.hu\/hu\/2023\/01\/29\/legiosok-megvan-a-magyar-valogatott-tamado-uj-klubja-hivatalos\/\" \/>\n<meta property=\"og:site_name\" content=\"F-group\" \/>\n<meta property=\"article:published_time\" content=\"2023-01-29T12:14:07+00:00\" \/>\n<meta property=\"article:modified_time\" content=\"2023-02-21T12:14:22+00:00\" \/>\n<meta property=\"og:image\" content=\"https:\/\/f-group.hu\/wp-content\/uploads\/2023\/02\/1200NikoFilip_960px.jpg\" \/>\n\t<meta property=\"og:image:width\" content=\"960\" \/>\n\t<meta property=\"og:image:height\" content=\"720\" \/>\n\t<meta property=\"og:image:type\" content=\"image\/jpeg\" \/>\n<meta name=\"author\" content=\"garanddesign\" \/>\n<meta name=\"twitter:card\" content=\"summary_large_image\" \/>\n<meta name=\"twitter:label1\" content=\"Szerz\u0151:\" \/>\n\t<meta name=\"twitter:data1\" content=\"garanddesign\" \/>\n\t<meta name=\"twitter:label2\" content=\"Becs\u00fclt olvas\u00e1si id\u0151\" \/>\n\t<meta name=\"twitter:data2\" content=\"1 perc\" \/>\n<script type=\"application\/ld+json\" class=\"yoast-schema-graph\">{\"@context\":\"https:\/\/schema.org\",\"@graph\":[{\"@type\":\"WebPage\",\"@id\":\"https:\/\/f-group.hu\/2023\/01\/29\/legiosok-megvan-a-magyar-valogatott-tamado-uj-klubja-hivatalos\/\",\"url\":\"https:\/\/f-group.hu\/2023\/01\/29\/legiosok-megvan-a-magyar-valogatott-tamado-uj-klubja-hivatalos\/\",\"name\":\"L\u00e9gi\u00f3sok: megvan a magyar v\u00e1logatott t\u00e1mad\u00f3 \u00faj klubja \u2013 hivatalos - F-group\",\"isPartOf\":{\"@id\":\"https:\/\/www.f-group.hu\/#website\"},\"primaryImageOfPage\":{\"@id\":\"https:\/\/f-group.hu\/2023\/01\/29\/legiosok-megvan-a-magyar-valogatott-tamado-uj-klubja-hivatalos\/#primaryimage\"},\"image\":{\"@id\":\"https:\/\/f-group.hu\/2023\/01\/29\/legiosok-megvan-a-magyar-valogatott-tamado-uj-klubja-hivatalos\/#primaryimage\"},\"thumbnailUrl\":\"https:\/\/f-group.hu\/wp-content\/uploads\/2023\/02\/1200NikoFilip_960px.jpg\",\"datePublished\":\"2023-01-29T12:14:07+00:00\",\"dateModified\":\"2023-02-21T12:14:22+00:00\",\"author\":{\"@id\":\"https:\/\/www.f-group.hu\/#\/schema\/person\/d9e3f0aad33bb45b1f4a26abaddeb3c6\"},\"breadcrumb\":{\"@id\":\"https:\/\/f-group.hu\/2023\/01\/29\/legiosok-megvan-a-magyar-valogatott-tamado-uj-klubja-hivatalos\/#breadcrumb\"},\"inLanguage\":\"hu\",\"potentialAction\":[{\"@type\":\"ReadAction\",\"target\":[\"https:\/\/f-group.hu\/2023\/01\/29\/legiosok-megvan-a-magyar-valogatott-tamado-uj-klubja-hivatalos\/\"]}]},{\"@type\":\"ImageObject\",\"inLanguage\":\"hu\",\"@id\":\"https:\/\/f-group.hu\/2023\/01\/29\/legiosok-megvan-a-magyar-valogatott-tamado-uj-klubja-hivatalos\/#primaryimage\",\"url\":\"https:\/\/f-group.hu\/wp-content\/uploads\/2023\/02\/1200NikoFilip_960px.jpg\",\"contentUrl\":\"https:\/\/f-group.hu\/wp-content\/uploads\/2023\/02\/1200NikoFilip_960px.jpg\",\"width\":960,\"height\":720},{\"@type\":\"BreadcrumbList\",\"@id\":\"https:\/\/f-group.hu\/2023\/01\/29\/legiosok-megvan-a-magyar-valogatott-tamado-uj-klubja-hivatalos\/#breadcrumb\",\"itemListElement\":[{\"@type\":\"ListItem\",\"position\":1,\"name\":\"Home\",\"item\":\"https:\/\/f-group.hu\/\"},{\"@type\":\"ListItem\",\"position\":2,\"name\":\"L\u00e9gi\u00f3sok: megvan a magyar v\u00e1logatott t\u00e1mad\u00f3 \u00faj klubja \u2013 hivatalos\"}]},{\"@type\":\"WebSite\",\"@id\":\"https:\/\/www.f-group.hu\/#website\",\"url\":\"https:\/\/www.f-group.hu\/\",\"name\":\"F-group\",\"description\":\"Professzion\u00e1lis j\u00e1t\u00e9kosmenedzsment\",\"potentialAction\":[{\"@type\":\"SearchAction\",\"target\":{\"@type\":\"EntryPoint\",\"urlTemplate\":\"https:\/\/www.f-group.hu\/?s={search_term_string}\"},\"query-input\":\"required name=search_term_string\"}],\"inLanguage\":\"hu\"},{\"@type\":\"Person\",\"@id\":\"https:\/\/www.f-group.hu\/#\/schema\/person\/d9e3f0aad33bb45b1f4a26abaddeb3c6\",\"name\":\"garanddesign\",\"image\":{\"@type\":\"ImageObject\",\"inLanguage\":\"hu\",\"@id\":\"https:\/\/www.f-group.hu\/#\/schema\/person\/image\/\",\"url\":\"https:\/\/secure.gravatar.com\/avatar\/ffbf9dcf27b7adbe0a7e413d1c0aff22?s=96&d=mm&r=g\",\"contentUrl\":\"https:\/\/secure.gravatar.com\/avatar\/ffbf9dcf27b7adbe0a7e413d1c0aff22?s=96&d=mm&r=g\",\"caption\":\"garanddesign\"},\"url\":\"https:\/\/f-group.hu\/hu\/author\/garanddesign\/\"}]}<\/script>\n<!-- \/ Yoast SEO plugin. -->","yoast_head_json":{"title":"L\u00e9gi\u00f3sok: megvan a magyar v\u00e1logatott t\u00e1mad\u00f3 \u00faj klubja \u2013 hivatalos - F-group","robots":{"index":"index","follow":"follow","max-snippet":"max-snippet:-1","max-image-preview":"max-image-preview:large","max-video-preview":"max-video-preview:-1"},"canonical":"https:\/\/f-group.hu\/hu\/2023\/01\/29\/legiosok-megvan-a-magyar-valogatott-tamado-uj-klubja-hivatalos\/","og_locale":"hu_HU","og_type":"article","og_title":"L\u00e9gi\u00f3sok: megvan a magyar v\u00e1logatott t\u00e1mad\u00f3 \u00faj klubja \u2013 hivatalos - F-group","og_description":"Mint arr\u00f3l helyi sajt\u00f3h\u00edrekre hivatkozva besz\u00e1moltunk, a ciprusi bajnoks\u00e1gban els\u0151 helyen \u00e1ll\u00f3, Gyurcs\u00f3 \u00c1d\u00e1mot is soraiban tud\u00f3 AEK Larnaca hivatalos honlapj\u00e1n sz\u00e1molt be r\u00f3la, hogy a 2022\u20132023-as id\u00e9ny v\u00e9g\u00e9ig sz\u00f3l\u00f3 szerz\u0151d\u00e9st k\u00f6t\u00f6tt a 43-szoros magyar v\u00e1logatott t\u00e1mad\u00f3val, a t\u00f6r\u00f6k m\u00e1sodoszt\u00e1ly\u00fa Pendiksporral decemberben szerz\u0151d\u00e9st bont\u00f3 Nikolics Nemanj\u00e1val. A 35 \u00e9ves magyar csat\u00e1r a Kaposv\u00e1r ut\u00e1n a [&hellip;]","og_url":"https:\/\/f-group.hu\/hu\/2023\/01\/29\/legiosok-megvan-a-magyar-valogatott-tamado-uj-klubja-hivatalos\/","og_site_name":"F-group","article_published_time":"2023-01-29T12:14:07+00:00","article_modified_time":"2023-02-21T12:14:22+00:00","og_image":[{"width":960,"height":720,"url":"https:\/\/f-group.hu\/wp-content\/uploads\/2023\/02\/1200NikoFilip_960px.jpg","type":"image\/jpeg"}],"author":"garanddesign","twitter_card":"summary_large_image","twitter_misc":{"Szerz\u0151:":"garanddesign","Becs\u00fclt olvas\u00e1si id\u0151":"1 perc"},"schema":{"@context":"https:\/\/schema.org","@graph":[{"@type":"WebPage","@id":"https:\/\/f-group.hu\/2023\/01\/29\/legiosok-megvan-a-magyar-valogatott-tamado-uj-klubja-hivatalos\/","url":"https:\/\/f-group.hu\/2023\/01\/29\/legiosok-megvan-a-magyar-valogatott-tamado-uj-klubja-hivatalos\/","name":"L\u00e9gi\u00f3sok: megvan a magyar v\u00e1logatott t\u00e1mad\u00f3 \u00faj klubja \u2013 hivatalos - F-group","isPartOf":{"@id":"https:\/\/www.f-group.hu\/#website"},"primaryImageOfPage":{"@id":"https:\/\/f-group.hu\/2023\/01\/29\/legiosok-megvan-a-magyar-valogatott-tamado-uj-klubja-hivatalos\/#primaryimage"},"image":{"@id":"https:\/\/f-group.hu\/2023\/01\/29\/legiosok-megvan-a-magyar-valogatott-tamado-uj-klubja-hivatalos\/#primaryimage"},"thumbnailUrl":"https:\/\/f-group.hu\/wp-content\/uploads\/2023\/02\/1200NikoFilip_960px.jpg","datePublished":"2023-01-29T12:14:07+00:00","dateModified":"2023-02-21T12:14:22+00:00","author":{"@id":"https:\/\/www.f-group.hu\/#\/schema\/person\/d9e3f0aad33bb45b1f4a26abaddeb3c6"},"breadcrumb":{"@id":"https:\/\/f-group.hu\/2023\/01\/29\/legiosok-megvan-a-magyar-valogatott-tamado-uj-klubja-hivatalos\/#breadcrumb"},"inLanguage":"hu","potentialAction":[{"@type":"ReadAction","target":["https:\/\/f-group.hu\/2023\/01\/29\/legiosok-megvan-a-magyar-valogatott-tamado-uj-klubja-hivatalos\/"]}]},{"@type":"ImageObject","inLanguage":"hu","@id":"https:\/\/f-group.hu\/2023\/01\/29\/legiosok-megvan-a-magyar-valogatott-tamado-uj-klubja-hivatalos\/#primaryimage","url":"https:\/\/f-group.hu\/wp-content\/uploads\/2023\/02\/1200NikoFilip_960px.jpg","contentUrl":"https:\/\/f-group.hu\/wp-content\/uploads\/2023\/02\/1200NikoFilip_960px.jpg","width":960,"height":720},{"@type":"BreadcrumbList","@id":"https:\/\/f-group.hu\/2023\/01\/29\/legiosok-megvan-a-magyar-valogatott-tamado-uj-klubja-hivatalos\/#breadcrumb","itemListElement":[{"@type":"ListItem","position":1,"name":"Home","item":"https:\/\/f-group.hu\/"},{"@type":"ListItem","position":2,"name":"L\u00e9gi\u00f3sok: megvan a magyar v\u00e1logatott t\u00e1mad\u00f3 \u00faj klubja \u2013 hivatalos"}]},{"@type":"WebSite","@id":"https:\/\/www.f-group.hu\/#website","url":"https:\/\/www.f-group.hu\/","name":"F-group","description":"Professzion\u00e1lis j\u00e1t\u00e9kosmenedzsment","potentialAction":[{"@type":"SearchAction","target":{"@type":"EntryPoint","urlTemplate":"https:\/\/www.f-group.hu\/?s={search_term_string}"},"query-input":"required name=search_term_string"}],"inLanguage":"hu"},{"@type":"Person","@id":"https:\/\/www.f-group.hu\/#\/schema\/person\/d9e3f0aad33bb45b1f4a26abaddeb3c6","name":"garanddesign","image":{"@type":"ImageObject","inLanguage":"hu","@id":"https:\/\/www.f-group.hu\/#\/schema\/person\/image\/","url":"https:\/\/secure.gravatar.com\/avatar\/ffbf9dcf27b7adbe0a7e413d1c0aff22?s=96&d=mm&r=g","contentUrl":"https:\/\/secure.gravatar.com\/avatar\/ffbf9dcf27b7adbe0a7e413d1c0aff22?s=96&d=mm&r=g","caption":"garanddesign"},"url":"https:\/\/f-group.hu\/hu\/author\/garanddesign\/"}]}},"jetpack_featured_media_url":"https:\/\/f-group.hu\/wp-content\/uploads\/2023\/02\/1200NikoFilip_960px.jpg","_links":{"self":[{"href":"https:\/\/f-group.hu\/hu\/wp-json\/wp\/v2\/posts\/935"}],"collection":[{"href":"https:\/\/f-group.hu\/hu\/wp-json\/wp\/v2\/posts"}],"about":[{"href":"https:\/\/f-group.hu\/hu\/wp-json\/wp\/v2\/types\/post"}],"author":[{"embeddable":true,"href":"https:\/\/f-group.hu\/hu\/wp-json\/wp\/v2\/users\/4"}],"replies":[{"embeddable":true,"href":"https:\/\/f-group.hu\/hu\/wp-json\/wp\/v2\/comments?post=935"}],"version-history":[{"count":1,"href":"https:\/\/f-group.hu\/hu\/wp-json\/wp\/v2\/posts\/935\/revisions"}],"predecessor-version":[{"id":937,"href":"https:\/\/f-group.hu\/hu\/wp-json\/wp\/v2\/posts\/935\/revisions\/937"}],"wp:featuredmedia":[{"embeddable":true,"href":"https:\/\/f-group.hu\/hu\/wp-json\/wp\/v2\/media\/936"}],"wp:attachment":[{"href":"https:\/\/f-group.hu\/hu\/wp-json\/wp\/v2\/media?parent=935"}],"wp:term":[{"taxonomy":"category","embeddable":true,"href":"https:\/\/f-group.hu\/hu\/wp-json\/wp\/v2\/categories?post=935"},{"taxonomy":"post_tag","embeddable":true,"href":"https:\/\/f-group.hu\/hu\/wp-json\/wp\/v2\/tags?post=935"}],"curies":[{"name":"wp","href":"https:\/\/api.w.org\/{rel}","templated":true}]}}