{"id":938,"date":"2023-01-24T12:15:25","date_gmt":"2023-01-24T12:15:25","guid":{"rendered":"https:\/\/f-group.hu\/?p=938"},"modified":"2023-02-21T12:15:38","modified_gmt":"2023-02-21T12:15:38","slug":"horvath-milan-visszatert-a-bfc-siofok-egyuttesehez","status":"publish","type":"post","link":"https:\/\/f-group.hu\/hu\/2023\/01\/24\/horvath-milan-visszatert-a-bfc-siofok-egyuttesehez\/","title":{"rendered":"Horv\u00e1th Mil\u00e1n visszat\u00e9rt a BFC Si\u00f3fok egy\u00fcttes\u00e9hez"},"content":{"rendered":"<p>A Labdar\u00fag\u00f3 NB II. tavaszi rajtj\u00e1ra k\u00e9sz\u00fcl\u0151 BFC Si\u00f3fokn\u00e1l folytatja p\u00e1lyafut\u00e1s\u00e1t Horv\u00e1th Mil\u00e1n, aki k\u00f6lcs\u00f6nbe \u00e9rkezik a somogyi klubhoz a Budapest Honv\u00e9d egy\u00fcttes\u00e9t\u0151l.<\/p>","protected":false},"excerpt":{"rendered":"<p>A Labdar\u00fag\u00f3 NB II. tavaszi rajtj\u00e1ra k\u00e9sz\u00fcl\u0151 BFC Si\u00f3fokn\u00e1l folytatja p\u00e1lyafut\u00e1s\u00e1t Horv\u00e1th Mil\u00e1n, aki k\u00f6lcs\u00f6nbe \u00e9rkezik a somogyi klubhoz a Budapest Honv\u00e9d egy\u00fcttes\u00e9t\u0151l.<\/p>","protected":false},"author":4,"featured_media":939,"comment_status":"open","ping_status":"open","sticky":false,"template":"","format":"standard","meta":{"_et_pb_use_builder":"off","_et_pb_old_content":"","_et_gb_content_width":"","footnotes":""},"categories":[1],"tags":[],"yoast_head":"<!-- This site is optimized with the Yoast SEO plugin v23.1 - https:\/\/yoast.com\/wordpress\/plugins\/seo\/ -->\n<title>Horv\u00e1th Mil\u00e1n visszat\u00e9rt a BFC Si\u00f3fok egy\u00fcttes\u00e9hez - F-group<\/title>\n<meta name=\"robots\" content=\"index, follow, max-snippet:-1, max-image-preview:large, max-video-preview:-1\" \/>\n<link rel=\"canonical\" href=\"https:\/\/f-group.hu\/hu\/2023\/01\/24\/horvath-milan-visszatert-a-bfc-siofok-egyuttesehez\/\" \/>\n<meta property=\"og:locale\" content=\"hu_HU\" \/>\n<meta property=\"og:type\" content=\"article\" \/>\n<meta property=\"og:title\" content=\"Horv\u00e1th Mil\u00e1n visszat\u00e9rt a BFC Si\u00f3fok egy\u00fcttes\u00e9hez - F-group\" \/>\n<meta property=\"og:description\" content=\"A Labdar\u00fag\u00f3 NB II. tavaszi rajtj\u00e1ra k\u00e9sz\u00fcl\u0151 BFC Si\u00f3fokn\u00e1l folytatja p\u00e1lyafut\u00e1s\u00e1t Horv\u00e1th Mil\u00e1n, aki k\u00f6lcs\u00f6nbe \u00e9rkezik a somogyi klubhoz a Budapest Honv\u00e9d egy\u00fcttes\u00e9t\u0151l.\" \/>\n<meta property=\"og:url\" content=\"https:\/\/f-group.hu\/hu\/2023\/01\/24\/horvath-milan-visszatert-a-bfc-siofok-egyuttesehez\/\" \/>\n<meta property=\"og:site_name\" content=\"F-group\" \/>\n<meta property=\"article:published_time\" content=\"2023-01-24T12:15:25+00:00\" \/>\n<meta property=\"article:modified_time\" content=\"2023-02-21T12:15:38+00:00\" \/>\n<meta property=\"og:image\" content=\"https:\/\/f-group.hu\/wp-content\/uploads\/2023\/02\/d58f821558744d138a97c112df3a0a96.jpg\" \/>\n\t<meta property=\"og:image:width\" content=\"769\" \/>\n\t<meta property=\"og:image:height\" content=\"900\" \/>\n\t<meta property=\"og:image:type\" content=\"image\/jpeg\" \/>\n<meta name=\"author\" content=\"garanddesign\" \/>\n<meta name=\"twitter:card\" content=\"summary_large_image\" \/>\n<meta name=\"twitter:label1\" content=\"Szerz\u0151:\" \/>\n\t<meta name=\"twitter:data1\" content=\"garanddesign\" \/>\n\t<meta name=\"twitter:label2\" content=\"Becs\u00fclt olvas\u00e1si id\u0151\" \/>\n\t<meta name=\"twitter:data2\" content=\"1 perc\" \/>\n<script type=\"application\/ld+json\" class=\"yoast-schema-graph\">{\"@context\":\"https:\/\/schema.org\",\"@graph\":[{\"@type\":\"WebPage\",\"@id\":\"https:\/\/f-group.hu\/hu\/2023\/01\/24\/horvath-milan-visszatert-a-bfc-siofok-egyuttesehez\/\",\"url\":\"https:\/\/f-group.hu\/hu\/2023\/01\/24\/horvath-milan-visszatert-a-bfc-siofok-egyuttesehez\/\",\"name\":\"Horv\u00e1th Mil\u00e1n visszat\u00e9rt a BFC Si\u00f3fok egy\u00fcttes\u00e9hez - F-group\",\"isPartOf\":{\"@id\":\"https:\/\/www.f-group.hu\/#website\"},\"primaryImageOfPage\":{\"@id\":\"https:\/\/f-group.hu\/hu\/2023\/01\/24\/horvath-milan-visszatert-a-bfc-siofok-egyuttesehez\/#primaryimage\"},\"image\":{\"@id\":\"https:\/\/f-group.hu\/hu\/2023\/01\/24\/horvath-milan-visszatert-a-bfc-siofok-egyuttesehez\/#primaryimage\"},\"thumbnailUrl\":\"https:\/\/f-group.hu\/wp-content\/uploads\/2023\/02\/d58f821558744d138a97c112df3a0a96.jpg\",\"datePublished\":\"2023-01-24T12:15:25+00:00\",\"dateModified\":\"2023-02-21T12:15:38+00:00\",\"author\":{\"@id\":\"https:\/\/www.f-group.hu\/#\/schema\/person\/d9e3f0aad33bb45b1f4a26abaddeb3c6\"},\"breadcrumb\":{\"@id\":\"https:\/\/f-group.hu\/hu\/2023\/01\/24\/horvath-milan-visszatert-a-bfc-siofok-egyuttesehez\/#breadcrumb\"},\"inLanguage\":\"hu\",\"potentialAction\":[{\"@type\":\"ReadAction\",\"target\":[\"https:\/\/f-group.hu\/hu\/2023\/01\/24\/horvath-milan-visszatert-a-bfc-siofok-egyuttesehez\/\"]}]},{\"@type\":\"ImageObject\",\"inLanguage\":\"hu\",\"@id\":\"https:\/\/f-group.hu\/hu\/2023\/01\/24\/horvath-milan-visszatert-a-bfc-siofok-egyuttesehez\/#primaryimage\",\"url\":\"https:\/\/f-group.hu\/wp-content\/uploads\/2023\/02\/d58f821558744d138a97c112df3a0a96.jpg\",\"contentUrl\":\"https:\/\/f-group.hu\/wp-content\/uploads\/2023\/02\/d58f821558744d138a97c112df3a0a96.jpg\",\"width\":769,\"height\":900},{\"@type\":\"BreadcrumbList\",\"@id\":\"https:\/\/f-group.hu\/hu\/2023\/01\/24\/horvath-milan-visszatert-a-bfc-siofok-egyuttesehez\/#breadcrumb\",\"itemListElement\":[{\"@type\":\"ListItem\",\"position\":1,\"name\":\"Home\",\"item\":\"https:\/\/f-group.hu\/\"},{\"@type\":\"ListItem\",\"position\":2,\"name\":\"Horv\u00e1th Mil\u00e1n visszat\u00e9rt a BFC Si\u00f3fok egy\u00fcttes\u00e9hez\"}]},{\"@type\":\"WebSite\",\"@id\":\"https:\/\/www.f-group.hu\/#website\",\"url\":\"https:\/\/www.f-group.hu\/\",\"name\":\"F-group\",\"description\":\"Professzion\u00e1lis j\u00e1t\u00e9kosmenedzsment\",\"potentialAction\":[{\"@type\":\"SearchAction\",\"target\":{\"@type\":\"EntryPoint\",\"urlTemplate\":\"https:\/\/www.f-group.hu\/?s={search_term_string}\"},\"query-input\":\"required name=search_term_string\"}],\"inLanguage\":\"hu\"},{\"@type\":\"Person\",\"@id\":\"https:\/\/www.f-group.hu\/#\/schema\/person\/d9e3f0aad33bb45b1f4a26abaddeb3c6\",\"name\":\"garanddesign\",\"image\":{\"@type\":\"ImageObject\",\"inLanguage\":\"hu\",\"@id\":\"https:\/\/www.f-group.hu\/#\/schema\/person\/image\/\",\"url\":\"https:\/\/secure.gravatar.com\/avatar\/ffbf9dcf27b7adbe0a7e413d1c0aff22?s=96&d=mm&r=g\",\"contentUrl\":\"https:\/\/secure.gravatar.com\/avatar\/ffbf9dcf27b7adbe0a7e413d1c0aff22?s=96&d=mm&r=g\",\"caption\":\"garanddesign\"},\"url\":\"https:\/\/f-group.hu\/hu\/author\/garanddesign\/\"}]}<\/script>\n<!-- \/ Yoast SEO plugin. -->","yoast_head_json":{"title":"Horv\u00e1th Mil\u00e1n visszat\u00e9rt a BFC Si\u00f3fok egy\u00fcttes\u00e9hez - F-group","robots":{"index":"index","follow":"follow","max-snippet":"max-snippet:-1","max-image-preview":"max-image-preview:large","max-video-preview":"max-video-preview:-1"},"canonical":"https:\/\/f-group.hu\/hu\/2023\/01\/24\/horvath-milan-visszatert-a-bfc-siofok-egyuttesehez\/","og_locale":"hu_HU","og_type":"article","og_title":"Horv\u00e1th Mil\u00e1n visszat\u00e9rt a BFC Si\u00f3fok egy\u00fcttes\u00e9hez - F-group","og_description":"A Labdar\u00fag\u00f3 NB II. tavaszi rajtj\u00e1ra k\u00e9sz\u00fcl\u0151 BFC Si\u00f3fokn\u00e1l folytatja p\u00e1lyafut\u00e1s\u00e1t Horv\u00e1th Mil\u00e1n, aki k\u00f6lcs\u00f6nbe \u00e9rkezik a somogyi klubhoz a Budapest Honv\u00e9d egy\u00fcttes\u00e9t\u0151l.","og_url":"https:\/\/f-group.hu\/hu\/2023\/01\/24\/horvath-milan-visszatert-a-bfc-siofok-egyuttesehez\/","og_site_name":"F-group","article_published_time":"2023-01-24T12:15:25+00:00","article_modified_time":"2023-02-21T12:15:38+00:00","og_image":[{"width":769,"height":900,"url":"https:\/\/f-group.hu\/wp-content\/uploads\/2023\/02\/d58f821558744d138a97c112df3a0a96.jpg","type":"image\/jpeg"}],"author":"garanddesign","twitter_card":"summary_large_image","twitter_misc":{"Szerz\u0151:":"garanddesign","Becs\u00fclt olvas\u00e1si id\u0151":"1 perc"},"schema":{"@context":"https:\/\/schema.org","@graph":[{"@type":"WebPage","@id":"https:\/\/f-group.hu\/hu\/2023\/01\/24\/horvath-milan-visszatert-a-bfc-siofok-egyuttesehez\/","url":"https:\/\/f-group.hu\/hu\/2023\/01\/24\/horvath-milan-visszatert-a-bfc-siofok-egyuttesehez\/","name":"Horv\u00e1th Mil\u00e1n visszat\u00e9rt a BFC Si\u00f3fok egy\u00fcttes\u00e9hez - F-group","isPartOf":{"@id":"https:\/\/www.f-group.hu\/#website"},"primaryImageOfPage":{"@id":"https:\/\/f-group.hu\/hu\/2023\/01\/24\/horvath-milan-visszatert-a-bfc-siofok-egyuttesehez\/#primaryimage"},"image":{"@id":"https:\/\/f-group.hu\/hu\/2023\/01\/24\/horvath-milan-visszatert-a-bfc-siofok-egyuttesehez\/#primaryimage"},"thumbnailUrl":"https:\/\/f-group.hu\/wp-content\/uploads\/2023\/02\/d58f821558744d138a97c112df3a0a96.jpg","datePublished":"2023-01-24T12:15:25+00:00","dateModified":"2023-02-21T12:15:38+00:00","author":{"@id":"https:\/\/www.f-group.hu\/#\/schema\/person\/d9e3f0aad33bb45b1f4a26abaddeb3c6"},"breadcrumb":{"@id":"https:\/\/f-group.hu\/hu\/2023\/01\/24\/horvath-milan-visszatert-a-bfc-siofok-egyuttesehez\/#breadcrumb"},"inLanguage":"hu","potentialAction":[{"@type":"ReadAction","target":["https:\/\/f-group.hu\/hu\/2023\/01\/24\/horvath-milan-visszatert-a-bfc-siofok-egyuttesehez\/"]}]},{"@type":"ImageObject","inLanguage":"hu","@id":"https:\/\/f-group.hu\/hu\/2023\/01\/24\/horvath-milan-visszatert-a-bfc-siofok-egyuttesehez\/#primaryimage","url":"https:\/\/f-group.hu\/wp-content\/uploads\/2023\/02\/d58f821558744d138a97c112df3a0a96.jpg","contentUrl":"https:\/\/f-group.hu\/wp-content\/uploads\/2023\/02\/d58f821558744d138a97c112df3a0a96.jpg","width":769,"height":900},{"@type":"BreadcrumbList","@id":"https:\/\/f-group.hu\/hu\/2023\/01\/24\/horvath-milan-visszatert-a-bfc-siofok-egyuttesehez\/#breadcrumb","itemListElement":[{"@type":"ListItem","position":1,"name":"Home","item":"https:\/\/f-group.hu\/"},{"@type":"ListItem","position":2,"name":"Horv\u00e1th Mil\u00e1n visszat\u00e9rt a BFC Si\u00f3fok egy\u00fcttes\u00e9hez"}]},{"@type":"WebSite","@id":"https:\/\/www.f-group.hu\/#website","url":"https:\/\/www.f-group.hu\/","name":"F-group","description":"Professzion\u00e1lis j\u00e1t\u00e9kosmenedzsment","potentialAction":[{"@type":"SearchAction","target":{"@type":"EntryPoint","urlTemplate":"https:\/\/www.f-group.hu\/?s={search_term_string}"},"query-input":"required name=search_term_string"}],"inLanguage":"hu"},{"@type":"Person","@id":"https:\/\/www.f-group.hu\/#\/schema\/person\/d9e3f0aad33bb45b1f4a26abaddeb3c6","name":"garanddesign","image":{"@type":"ImageObject","inLanguage":"hu","@id":"https:\/\/www.f-group.hu\/#\/schema\/person\/image\/","url":"https:\/\/secure.gravatar.com\/avatar\/ffbf9dcf27b7adbe0a7e413d1c0aff22?s=96&d=mm&r=g","contentUrl":"https:\/\/secure.gravatar.com\/avatar\/ffbf9dcf27b7adbe0a7e413d1c0aff22?s=96&d=mm&r=g","caption":"garanddesign"},"url":"https:\/\/f-group.hu\/hu\/author\/garanddesign\/"}]}},"jetpack_featured_media_url":"https:\/\/f-group.hu\/wp-content\/uploads\/2023\/02\/d58f821558744d138a97c112df3a0a96.jpg","_links":{"self":[{"href":"https:\/\/f-group.hu\/hu\/wp-json\/wp\/v2\/posts\/938"}],"collection":[{"href":"https:\/\/f-group.hu\/hu\/wp-json\/wp\/v2\/posts"}],"about":[{"href":"https:\/\/f-group.hu\/hu\/wp-json\/wp\/v2\/types\/post"}],"author":[{"embeddable":true,"href":"https:\/\/f-group.hu\/hu\/wp-json\/wp\/v2\/users\/4"}],"replies":[{"embeddable":true,"href":"https:\/\/f-group.hu\/hu\/wp-json\/wp\/v2\/comments?post=938"}],"version-history":[{"count":1,"href":"https:\/\/f-group.hu\/hu\/wp-json\/wp\/v2\/posts\/938\/revisions"}],"predecessor-version":[{"id":940,"href":"https:\/\/f-group.hu\/hu\/wp-json\/wp\/v2\/posts\/938\/revisions\/940"}],"wp:featuredmedia":[{"embeddable":true,"href":"https:\/\/f-group.hu\/hu\/wp-json\/wp\/v2\/media\/939"}],"wp:attachment":[{"href":"https:\/\/f-group.hu\/hu\/wp-json\/wp\/v2\/media?parent=938"}],"wp:term":[{"taxonomy":"category","embeddable":true,"href":"https:\/\/f-group.hu\/hu\/wp-json\/wp\/v2\/categories?post=938"},{"taxonomy":"post_tag","embeddable":true,"href":"https:\/\/f-group.hu\/hu\/wp-json\/wp\/v2\/tags?post=938"}],"curies":[{"name":"wp","href":"https:\/\/api.w.org\/{rel}","templated":true}]}}